{"id":34647,"date":"2022-09-25T20:08:21","date_gmt":"2022-09-25T20:08:21","guid":{"rendered":"https:\/\/todoapulmon-rafaela.com\/?p=34647"},"modified":"2022-09-25T20:08:21","modified_gmt":"2022-09-25T20:08:21","slug":"mas-medallas-de-representantes-de-cras-en-cordoba","status":"publish","type":"post","link":"https:\/\/todoapulmon-rafaela.com\/index.php\/2022\/09\/25\/mas-medallas-de-representantes-de-cras-en-cordoba\/","title":{"rendered":"M\u00e1s medallas de representantes de CRAS en C\u00f3rdoba"},"content":{"rendered":"<p>Este domingo culminaron los Juegos de la Regi\u00f3n Centro y en el caso del atletismo, se desarroll\u00f3 la segunda jornada en la pista del Complejo Mario Alberto Kempes, nuevamente con muy buenos resultados para los representantes del CRAS.<\/p>\n<p>En este torneo integrador para deportistas juveniles de las provincias de C\u00f3rdoba, Santa Fe y Entre R\u00edos, el domingo depar\u00f3 la victoria de Antonela Toledo en los 80 metros con vallas con un tiempo de 12s6.La mencionada atleta, adem\u00e1s, qued\u00f3 cuarta en desempate en salto en alto.<\/p>\n<p><img loading=\"lazy\" decoding=\"async\" class=\"alignnone size-full wp-image-34649\" src=\"https:\/\/todoapulmon-rafaela.com\/wp-content\/uploads\/2022\/09\/Screenshot_20220925-152939_Instagram1.jpg\" alt=\"\" width=\"720\" height=\"571\" srcset=\"https:\/\/todoapulmon-rafaela.com\/wp-content\/uploads\/2022\/09\/Screenshot_20220925-152939_Instagram1.jpg 720w, https:\/\/todoapulmon-rafaela.com\/wp-content\/uploads\/2022\/09\/Screenshot_20220925-152939_Instagram1-300x238.jpg 300w\" sizes=\"(max-width: 720px) 100vw, 720px\" \/><\/p>\n<p>En tanto, Ana Paula Herrera fue medalla de plata en lanzamiento del disco con 25m94. Asimismo, la posta 5&#215;80 femenina fue segunda, teniendo como integrantes a las rafaelinas Margarita Simondi, Antonela Toledo y Valentina Okon.<\/p>\n<p>Por el lado de los varones, Ramiro Conil logr\u00f3 la medalla de bronce en lanzamiento de jabalina con 34m14, mientras que Angelo Tuninetti y Santiago Daperno integraron la posta 5&#215;80 subcampeona.<\/p>\n<p>Estos resultados, sumados a los del s\u00e1bado que public\u00e1ramos en la v\u00edspera, demuestran para los atletas que entrena Leandro Bonamino el potencial de cara al futuro, ya que recordemos que el torneo era para la categoria U16.<\/p>\n","protected":false},"excerpt":{"rendered":"<p>Este domingo culminaron los Juegos de la Regi\u00f3n Centro y en el caso del atletismo, se desarroll\u00f3 la segunda jornada<\/p>\n","protected":false},"author":2,"featured_media":34648,"comment_status":"closed","ping_status":"closed","sticky":false,"template":"","format":"standard","meta":{"footnotes":""},"categories":[7,24],"tags":[],"class_list":["post-34647","post","type-post","status-publish","format-standard","has-post-thumbnail","hentry","category-atletismo","category-noticias-destacadas"],"cc_featured_image_caption":{"caption_text":"","source_text":"","source_url":""},"_links":{"self":[{"href":"https:\/\/todoapulmon-rafaela.com\/index.php\/wp-json\/wp\/v2\/posts\/34647"}],"collection":[{"href":"https:\/\/todoapulmon-rafaela.com\/index.php\/wp-json\/wp\/v2\/posts"}],"about":[{"href":"https:\/\/todoapulmon-rafaela.com\/index.php\/wp-json\/wp\/v2\/types\/post"}],"author":[{"embeddable":true,"href":"https:\/\/todoapulmon-rafaela.com\/index.php\/wp-json\/wp\/v2\/users\/2"}],"replies":[{"embeddable":true,"href":"https:\/\/todoapulmon-rafaela.com\/index.php\/wp-json\/wp\/v2\/comments?post=34647"}],"version-history":[{"count":1,"href":"https:\/\/todoapulmon-rafaela.com\/index.php\/wp-json\/wp\/v2\/posts\/34647\/revisions"}],"predecessor-version":[{"id":34650,"href":"https:\/\/todoapulmon-rafaela.com\/index.php\/wp-json\/wp\/v2\/posts\/34647\/revisions\/34650"}],"wp:featuredmedia":[{"embeddable":true,"href":"https:\/\/todoapulmon-rafaela.com\/index.php\/wp-json\/wp\/v2\/media\/34648"}],"wp:attachment":[{"href":"https:\/\/todoapulmon-rafaela.com\/index.php\/wp-json\/wp\/v2\/media?parent=34647"}],"wp:term":[{"taxonomy":"category","embeddable":true,"href":"https:\/\/todoapulmon-rafaela.com\/index.php\/wp-json\/wp\/v2\/categories?post=34647"},{"taxonomy":"post_tag","embeddable":true,"href":"https:\/\/todoapulmon-rafaela.com\/index.php\/wp-json\/wp\/v2\/tags?post=34647"}],"curies":[{"name":"wp","href":"https:\/\/api.w.org\/{rel}","templated":true}]}}