{"id":34608,"date":"2022-09-24T18:43:51","date_gmt":"2022-09-24T18:43:51","guid":{"rendered":"https:\/\/todoapulmon-rafaela.com\/?p=34608"},"modified":"2022-09-24T18:43:51","modified_gmt":"2022-09-24T18:43:51","slug":"rubiolo-se-convirtio-en-el-puma-886-en-la-derrota-ante-los-springboks-y-tambien-jugo-vivas","status":"publish","type":"post","link":"https:\/\/todoapulmon-rafaela.com\/index.php\/2022\/09\/24\/rubiolo-se-convirtio-en-el-puma-886-en-la-derrota-ante-los-springboks-y-tambien-jugo-vivas\/","title":{"rendered":"Rubiolo se convirti\u00f3 en el Puma 886 en la derrota ante los Springboks y tambi\u00e9n jug\u00f3 Vivas"},"content":{"rendered":"<p>Los Pumas cayeron ante Sud\u00e1frica por 38-21 y as\u00ed culminaron su participaci\u00f3n en este Rugby Championship. A pesar de la victoria, el conjunto sud\u00e1fricano se qued\u00f3 con el segundo puesto por detr\u00e1s del campe\u00f3n: Nueva Zelanda. Mientras que el seleccionado de Michael Cheika finaliz\u00f3 en la cuarta posici\u00f3n, detr\u00e1s de Australia.<\/p>\n<p>Este s\u00e1bado 24 de septiembre de 2022, no obstante, no ser\u00e1 un d\u00eda m\u00e1s para el rugby de nuestra ciudad ya que en este partido estuvieron por primera vez dos jugadores surgidos del CRAR vistiendo la camiseta de Los Pumas. Primero ingres\u00f3 <strong>Mayco Vivas<\/strong> a los 12 minutos del segundo tiempo por Nahuel Tetaz Chaparro y luego, a los 20, el debutante <strong>Pedro Rubiolo<\/strong> por Guido Petti. El juvenil rafaelino se convirti\u00f3 en el Puma 886, recordando que hace apenas 21 d\u00edas, el 3 de septiembre, jug\u00f3 su \u00faltimo partido con la camiseta de CRAR enfrentando a Provincial de Rosario. Indudablemente una vor\u00e1gine de acontecimientos tan sorprendentes como felices, tanto para \u00e9l, como su familia y la gente que lo ha acompa\u00f1ado en su formaci\u00f3n en el C\u00edrculo Rafaelino, como sus propios compa\u00f1eros hasta hace algunos d\u00edas en el plantel superior.<\/p>\n<p class=\"paragraph\">En Durban, los de Cheika batallaron durante casi 20 minutos hasta que\u00a0<b>Jasper Wies<\/b>\u00a0rompi\u00f3 el marcador con el primer try para el local. El capit\u00e1n,\u00a0<b>Siya Kolisi<\/b>, estir\u00f3 la ventaja a 14-0 con otro try diez minutos m\u00e1s tarde, aunque\u00a0<b>Frans Steyn<\/b>\u00a0aport\u00f3 tres m\u00e1s desde un penal a distancia. Reci\u00e9n casi a los 40 minutos los argentinos apoyaron por intermedio de\u00a0<b>Gonzalo Bertranou<\/b>\u00a0y sumaron la conversi\u00f3n de\u00a0<b>Emiliano Boffelli<\/b>\u00a0(goleador del torneo con 65 puntos).<\/p>\n<p><img loading=\"lazy\" decoding=\"async\" class=\"alignnone size-large wp-image-34610\" src=\"https:\/\/todoapulmon-rafaela.com\/wp-content\/uploads\/2022\/09\/try-gonzalez-1200x1500.jpg\" alt=\"\" width=\"800\" height=\"1000\" srcset=\"https:\/\/todoapulmon-rafaela.com\/wp-content\/uploads\/2022\/09\/try-gonzalez-1200x1500.jpg 1200w, https:\/\/todoapulmon-rafaela.com\/wp-content\/uploads\/2022\/09\/try-gonzalez-240x300.jpg 240w, https:\/\/todoapulmon-rafaela.com\/wp-content\/uploads\/2022\/09\/try-gonzalez-1229x1536.jpg 1229w, https:\/\/todoapulmon-rafaela.com\/wp-content\/uploads\/2022\/09\/try-gonzalez.jpg 1639w\" sizes=\"(max-width: 800px) 100vw, 800px\" \/><\/p>\n<p class=\"paragraph\"><b>Juan Mart\u00edn Gonz\u00e1lez<\/b>, con otro try que tambi\u00e9n cont\u00f3 con la conversi\u00f3n de Boffelli, le puso misterio al partido apenas se iniciaba el complemento: las cosas estaban 17-14. Sin embargo, apareci\u00f3 la potencia sudafricana para sumar un try penal a los 55 minutos, que cont\u00f3 con la respuesta de\u00a0<b>Tute Moroni<\/b>\u00a0con otro try (y la siempre constante conversi\u00f3n de Boffelli). Sin embargo, la esperanza dur\u00f3 poco: un try penal y un try de Kurt-Lee Arends con el reloj ya superando los 80 minutos determinaron el 38-21 final.<\/p>\n<p>SINTESIS<br \/>\nSUD\u00c1FRICA (38): 1. Steven Kitshoff, 2. Malcolm Marx, 3. Frans Malherbe, 4. Eben Etzebeth, 5. Lood de Jager, 6. Siya Kolisi, 7. Pieter-Stepgh du Toit, 8. Jasper Wiese, 9. Jaden Hendrikse, 10. Frans Steyn, 11. Makazole Mapimpi, 12. Damian de Allende, 13. Jesse Kriel, 14. Canan Moodie, 15. Willie le Roux.<br \/>\nCambios: ST: 9&#8242; Duane Vermeulen y Kwagga Smith por Pieter-Stepgh du Toit y Jasper Wiese, 13&#8242; Kurt-Lee Arendse por Willie le Roux,18&#8242; Vincent Koch y Ox Nche por Steven Kitshoff y Frans Malherbe, 61&#8242; Faf de Klerk por Jaden Hendrikse, 31&#8242; Bongi Mbonambi y Franco Mostert por Malcolm Marx y Lood de Jager. Entrenador: Jacques Nienaber<br \/>\nLOS PUMAS (21): 1. Nahuel Tetaz Chaparro, 2. Juli\u00e1n Montoya, 3. Eduardo Bello, 4. Mat\u00edas Alemanno, 5. Tom\u00e1s Lavanini, 6. Juan Mart\u00edn Gonz\u00e1lez, 7. Marcos Kremer, 8. Pablo Matera, 9. Gonzalo Bertranou, 10. Santiago Carreras, 11. Juan Imhoff, 12. Jer\u00f3nimo de la Fuente, 13. Mat\u00edas Moroni, 14. Emiliano Boffelli, 15. Juan Cruz Mall\u00eda.<br \/>\nCambios: PT: 29&#8242; Guido Petti por Pablo Matera y Joel Sclavi por Eduardo Bello. ST: 12&#8242; Mayco Vivas y Bautista Delguy por Nahuel Tetaz Chaparro y Juan Imhoff. 19&#8242; Benjam\u00edn Urdapilleta por Santiago Carreras, 20&#8242; Pedro Rubiolo por Guido Petti ,23&#8242; Tom\u00e1s Cubelli por Gonzalo Bertranou, 26&#8242; Agust\u00edn Creevy por Juli\u00e1n Montoya. Entrenador: Michael Cheika (Australia)<br \/>\nPUNTOS EN EL PRIMER TIEMPO: 18&#8242; Try de Jasper Wiese convertido por Frans Steyn (S), 28&#8242; Try de Siya Kolisi convertido por Frans Steyn (S), 37&#8242; Penal convertido por Frans Steyn (S), 39&#8242; Try de Gonzalo Bertranou convertido por Emiliano Boffelli (LP).<br \/>\nResultado parcial: Sud\u00e1frica 17-7 Los Pumas<br \/>\nPUNTOS EN EL SEGUNDO TIEMPO: 6&#8242; Try de Juan Mart\u00edn Gonz\u00e1lez convertido por Emiliano Boffelli (LP), 15&#8242; Try penal (S), 27&#8242; Try de Mat\u00edas Moroni convertido por Emiliano Boffelli (LP), 32&#8242; Try Penal (S), 41&#8242; Try de Kurt-Lee Arendse convertido por Frans Steyn (S).<br \/>\nResultado final: Sud\u00e1frica 38-21 Los Pumas.<br \/>\nAMONESTADOS: PT: 16&#8242; Marcos Kremer (LP), 26&#8242; Juan Mart\u00edn Gonz\u00e1lez (LP). ST: 15&#8242; Jer\u00f3nimo de la Fuenta (LP), 20&#8242; Eben Etzebeth (S), 25&#8242; Faf de Klerk (S), 32&#8242; Joel Sclavi (LP).<br \/>\n\u00c1RBITRO: Damon Murphy (Australia).<br \/>\nCANCHA: Kings Park, Durban, Sud\u00e1frica.<\/p>\n","protected":false},"excerpt":{"rendered":"<p>Los Pumas cayeron ante Sud\u00e1frica por 38-21 y as\u00ed culminaron su participaci\u00f3n en este Rugby Championship. A pesar de la<\/p>\n","protected":false},"author":2,"featured_media":34611,"comment_status":"closed","ping_status":"closed","sticky":false,"template":"","format":"standard","meta":{"footnotes":""},"categories":[24,2],"tags":[],"class_list":["post-34608","post","type-post","status-publish","format-standard","has-post-thumbnail","hentry","category-noticias-destacadas","category-rugby"],"cc_featured_image_caption":{"caption_text":"FOTO PRENSA UAR","source_text":"","source_url":""},"_links":{"self":[{"href":"https:\/\/todoapulmon-rafaela.com\/index.php\/wp-json\/wp\/v2\/posts\/34608"}],"collection":[{"href":"https:\/\/todoapulmon-rafaela.com\/index.php\/wp-json\/wp\/v2\/posts"}],"about":[{"href":"https:\/\/todoapulmon-rafaela.com\/index.php\/wp-json\/wp\/v2\/types\/post"}],"author":[{"embeddable":true,"href":"https:\/\/todoapulmon-rafaela.com\/index.php\/wp-json\/wp\/v2\/users\/2"}],"replies":[{"embeddable":true,"href":"https:\/\/todoapulmon-rafaela.com\/index.php\/wp-json\/wp\/v2\/comments?post=34608"}],"version-history":[{"count":2,"href":"https:\/\/todoapulmon-rafaela.com\/index.php\/wp-json\/wp\/v2\/posts\/34608\/revisions"}],"predecessor-version":[{"id":34612,"href":"https:\/\/todoapulmon-rafaela.com\/index.php\/wp-json\/wp\/v2\/posts\/34608\/revisions\/34612"}],"wp:featuredmedia":[{"embeddable":true,"href":"https:\/\/todoapulmon-rafaela.com\/index.php\/wp-json\/wp\/v2\/media\/34611"}],"wp:attachment":[{"href":"https:\/\/todoapulmon-rafaela.com\/index.php\/wp-json\/wp\/v2\/media?parent=34608"}],"wp:term":[{"taxonomy":"category","embeddable":true,"href":"https:\/\/todoapulmon-rafaela.com\/index.php\/wp-json\/wp\/v2\/categories?post=34608"},{"taxonomy":"post_tag","embeddable":true,"href":"https:\/\/todoapulmon-rafaela.com\/index.php\/wp-json\/wp\/v2\/tags?post=34608"}],"curies":[{"name":"wp","href":"https:\/\/api.w.org\/{rel}","templated":true}]}}