{"id":3458,"date":"2016-11-03T16:55:17","date_gmt":"2016-11-03T16:55:17","guid":{"rendered":"http:\/\/todoapulmon-rafaela.com\/?p=3458"},"modified":"2016-11-03T16:55:17","modified_gmt":"2016-11-03T16:55:17","slug":"crar-fue-segundo-en-el-primer-seven-de-la-usr-2","status":"publish","type":"post","link":"https:\/\/todoapulmon-rafaela.com\/index.php\/2016\/11\/03\/crar-fue-segundo-en-el-primer-seven-de-la-usr-2\/","title":{"rendered":"CRAR fue segundo en el primer Seven de la USR"},"content":{"rendered":"<p>En la noche del mi\u00e9rcoles se desarroll\u00f3 la primera fecha del Seven de la Uni\u00f3n Santafesina de Rugby, en las instalaciones de Querand\u00ed, en la capital provincial.<\/p>\n<p>El representativo de CRAR tuvo un buen desempe\u00f1o, ganando los dos encuentros de la etapa clasificatoria y perdiendo la final ante Santa Fe Rugby, por 26 a 7. La pr\u00f3xima fecha se disputar\u00e1 el mi\u00e9rcoles venidero en las instalaciones del Club Universitario, en tanto que la \u00faltima ser\u00eda en Rafaela, previo al Seven \u201cCiudad de Rafaela\u201d que se realizar\u00e1 los d\u00edas 19 y 20 de noviembre.<\/p>\n<p>El plantel verde estuvo integrado por: Nicol\u00e1s Imvinkelried, Jos\u00e9 Mar\u00eda Williner, Gast\u00f3n Epelbaum, Juli\u00e1n Kalbermatten, Ricardo Brown, Guillermo Brown, Lautaro Trossero, Franco Rosso, Esteban Rebaudengo, Guillermo Bulacios y Axel Mendieta.<\/p>\n<div class=\"text_exposed_show\">\n<p>Los resultados informados por la Uni\u00f3n Santafesina fueron los siguientes:<\/p>\n<p>Grupo A:\u00a0CRAI 12 \u2013 La Salle 10,\u00a0C\u00edrculo Rafaelino 21 \u2013 CRAI 7 y\u00a0C\u00edrculo Rafaelino 26- La Salle 12.<\/p>\n<p>Grupo B:\u00a0Querand\u00ed 0 \u2013 Santa Fe RC 40;\u00a0Querand\u00ed 5- Universitario 19 y\u00a0Santa Fe Rugby 14 \u2013 Universitario 5.<\/p>\n<p>Quinto puesto:\u00a0Querand\u00ed 12 \u2013 La Salle 24.<\/p>\n<p>Tercer puesto:\u00a0CRAI 26 \u2013 Universitario 14.<\/p>\n<p>Final:\u00a0Santa Fe Rugby 26 \u2013 C\u00edrculo Rafaelino 7.<\/p>\n<\/div>\n","protected":false},"excerpt":{"rendered":"<p>En la noche del mi\u00e9rcoles se desarroll\u00f3 la primera fecha del Seven de la Uni\u00f3n Santafesina de Rugby, en las<\/p>\n","protected":false},"author":2,"featured_media":3456,"comment_status":"open","ping_status":"open","sticky":false,"template":"","format":"standard","meta":{"footnotes":""},"categories":[24,2],"tags":[],"class_list":["post-3458","post","type-post","status-publish","format-standard","has-post-thumbnail","hentry","category-noticias-destacadas","category-rugby"],"cc_featured_image_caption":{"caption_text":"El equipo rafaelino tuvo una buena actuaci\u00f3n en la primera fecha del Seven.","source_text":"","source_url":""},"_links":{"self":[{"href":"https:\/\/todoapulmon-rafaela.com\/index.php\/wp-json\/wp\/v2\/posts\/3458"}],"collection":[{"href":"https:\/\/todoapulmon-rafaela.com\/index.php\/wp-json\/wp\/v2\/posts"}],"about":[{"href":"https:\/\/todoapulmon-rafaela.com\/index.php\/wp-json\/wp\/v2\/types\/post"}],"author":[{"embeddable":true,"href":"https:\/\/todoapulmon-rafaela.com\/index.php\/wp-json\/wp\/v2\/users\/2"}],"replies":[{"embeddable":true,"href":"https:\/\/todoapulmon-rafaela.com\/index.php\/wp-json\/wp\/v2\/comments?post=3458"}],"version-history":[{"count":1,"href":"https:\/\/todoapulmon-rafaela.com\/index.php\/wp-json\/wp\/v2\/posts\/3458\/revisions"}],"predecessor-version":[{"id":3459,"href":"https:\/\/todoapulmon-rafaela.com\/index.php\/wp-json\/wp\/v2\/posts\/3458\/revisions\/3459"}],"wp:featuredmedia":[{"embeddable":true,"href":"https:\/\/todoapulmon-rafaela.com\/index.php\/wp-json\/wp\/v2\/media\/3456"}],"wp:attachment":[{"href":"https:\/\/todoapulmon-rafaela.com\/index.php\/wp-json\/wp\/v2\/media?parent=3458"}],"wp:term":[{"taxonomy":"category","embeddable":true,"href":"https:\/\/todoapulmon-rafaela.com\/index.php\/wp-json\/wp\/v2\/categories?post=3458"},{"taxonomy":"post_tag","embeddable":true,"href":"https:\/\/todoapulmon-rafaela.com\/index.php\/wp-json\/wp\/v2\/tags?post=3458"}],"curies":[{"name":"wp","href":"https:\/\/api.w.org\/{rel}","templated":true}]}}