{"id":34557,"date":"2022-09-22T17:16:41","date_gmt":"2022-09-22T17:16:41","guid":{"rendered":"https:\/\/todoapulmon-rafaela.com\/?p=34557"},"modified":"2022-09-22T17:16:41","modified_gmt":"2022-09-22T17:16:41","slug":"quedo-definido-el-seleccionado-sub-19-de-la-fosh","status":"publish","type":"post","link":"https:\/\/todoapulmon-rafaela.com\/index.php\/2022\/09\/22\/quedo-definido-el-seleccionado-sub-19-de-la-fosh\/","title":{"rendered":"Qued\u00f3 definido el seleccionado Sub 19 de la FOSH"},"content":{"rendered":"<p>El cuerpo t\u00e9cnico encabezado por Adri\u00e1n Kieffer defini\u00f3 la lista de jugadoras que integrar\u00e1n el seleccionado Sub 19 de la Federaci\u00f3n del Oeste Santafesino, que participar\u00e1 en el Campeonato Argentino de Ascenso A, a realizarse en Mar del Plata del 6 al 9 de octubre.<\/p>\n<p>En el listado de 20 protagonistas quedaron nueve jugadoras de CRAR,\u00a0 y el resto repartido entre 9 de Julio de Rafaela, Charabones, San Miguel de Arroyito, Uni\u00f3n de Crespo, Centro de Brinkmann, SURI y Universitario de C\u00f3rdoba.<\/p>\n<p>Junto a Kieffer, se desempe\u00f1an en el CT el entrenador de arqueros Miguel Champy Dominino y Mar\u00eda Elena Brown en la preparaci\u00f3n f\u00edsica.<\/p>\n<p><img loading=\"lazy\" decoding=\"async\" class=\"alignnone size-full wp-image-34558\" src=\"https:\/\/todoapulmon-rafaela.com\/wp-content\/uploads\/2022\/09\/Listado-Fosh.jpg\" alt=\"\" width=\"720\" height=\"708\" srcset=\"https:\/\/todoapulmon-rafaela.com\/wp-content\/uploads\/2022\/09\/Listado-Fosh.jpg 720w, https:\/\/todoapulmon-rafaela.com\/wp-content\/uploads\/2022\/09\/Listado-Fosh-300x295.jpg 300w\" sizes=\"(max-width: 720px) 100vw, 720px\" \/><\/p>\n<p>&nbsp;<\/p>\n","protected":false},"excerpt":{"rendered":"<p>El cuerpo t\u00e9cnico encabezado por Adri\u00e1n Kieffer defini\u00f3 la lista de jugadoras que integrar\u00e1n el seleccionado Sub 19 de la<\/p>\n","protected":false},"author":2,"featured_media":29373,"comment_status":"closed","ping_status":"closed","sticky":false,"template":"","format":"standard","meta":{"footnotes":""},"categories":[3,24],"tags":[],"class_list":["post-34557","post","type-post","status-publish","format-standard","has-post-thumbnail","hentry","category-hockey","category-noticias-destacadas"],"cc_featured_image_caption":{"caption_text":"Julieta Ruata y Maitena Zanabria, dos de las integrantes del seleccionado.","source_text":"","source_url":""},"_links":{"self":[{"href":"https:\/\/todoapulmon-rafaela.com\/index.php\/wp-json\/wp\/v2\/posts\/34557"}],"collection":[{"href":"https:\/\/todoapulmon-rafaela.com\/index.php\/wp-json\/wp\/v2\/posts"}],"about":[{"href":"https:\/\/todoapulmon-rafaela.com\/index.php\/wp-json\/wp\/v2\/types\/post"}],"author":[{"embeddable":true,"href":"https:\/\/todoapulmon-rafaela.com\/index.php\/wp-json\/wp\/v2\/users\/2"}],"replies":[{"embeddable":true,"href":"https:\/\/todoapulmon-rafaela.com\/index.php\/wp-json\/wp\/v2\/comments?post=34557"}],"version-history":[{"count":1,"href":"https:\/\/todoapulmon-rafaela.com\/index.php\/wp-json\/wp\/v2\/posts\/34557\/revisions"}],"predecessor-version":[{"id":34559,"href":"https:\/\/todoapulmon-rafaela.com\/index.php\/wp-json\/wp\/v2\/posts\/34557\/revisions\/34559"}],"wp:featuredmedia":[{"embeddable":true,"href":"https:\/\/todoapulmon-rafaela.com\/index.php\/wp-json\/wp\/v2\/media\/29373"}],"wp:attachment":[{"href":"https:\/\/todoapulmon-rafaela.com\/index.php\/wp-json\/wp\/v2\/media?parent=34557"}],"wp:term":[{"taxonomy":"category","embeddable":true,"href":"https:\/\/todoapulmon-rafaela.com\/index.php\/wp-json\/wp\/v2\/categories?post=34557"},{"taxonomy":"post_tag","embeddable":true,"href":"https:\/\/todoapulmon-rafaela.com\/index.php\/wp-json\/wp\/v2\/tags?post=34557"}],"curies":[{"name":"wp","href":"https:\/\/api.w.org\/{rel}","templated":true}]}}