{"id":34513,"date":"2022-09-20T19:42:56","date_gmt":"2022-09-20T19:42:56","guid":{"rendered":"https:\/\/todoapulmon-rafaela.com\/?p=34513"},"modified":"2022-09-20T21:03:23","modified_gmt":"2022-09-20T21:03:23","slug":"en-sub-14-tambien-varios-clasificados-de-rafaela-a-los-evita","status":"publish","type":"post","link":"https:\/\/todoapulmon-rafaela.com\/index.php\/2022\/09\/20\/en-sub-14-tambien-varios-clasificados-de-rafaela-a-los-evita\/","title":{"rendered":"En Sub 14 tambi\u00e9n varios clasificados de Rafaela a los Evita"},"content":{"rendered":"<p>En la pista del CARD de Santa Fe se realiz\u00f3 entre lunes y martes la instancia final del atletismo de los Juegos Santafesinos para la categor\u00eda Sub 14, donde quedaron determinados los clasificados para los Juegos Nacionales Evita a realizarse el mes que viene en Mar del Plata.<\/p>\n<p>La Regi\u00f3n 2 que tiene como epicentro a Rafaela sum\u00f3 nuevamente clasificados. En este caso fueron seis, tres varones y tres mujeres, a su vez representantes del CRAS donde son entrenados por Leandro Bonamino.<\/p>\n<figure id=\"attachment_34515\" aria-describedby=\"caption-attachment-34515\" style=\"width: 675px\" class=\"wp-caption alignnone\"><img loading=\"lazy\" decoding=\"async\" class=\"size-full wp-image-34515\" src=\"https:\/\/todoapulmon-rafaela.com\/wp-content\/uploads\/2022\/09\/Screenshot_20220920-154806_Instagram1.jpg\" alt=\"\" width=\"675\" height=\"876\" srcset=\"https:\/\/todoapulmon-rafaela.com\/wp-content\/uploads\/2022\/09\/Screenshot_20220920-154806_Instagram1.jpg 675w, https:\/\/todoapulmon-rafaela.com\/wp-content\/uploads\/2022\/09\/Screenshot_20220920-154806_Instagram1-231x300.jpg 231w\" sizes=\"(max-width: 675px) 100vw, 675px\" \/><figcaption id=\"caption-attachment-34515\" class=\"wp-caption-text\">Santiago Daperno clasific\u00f3 ganando las finales de 80 y 150 metros llanos.<\/figcaption><\/figure>\n<p>Los clasificados son:<\/p>\n<p>Margarita Simondi (80 metros con vallas y salto en largo).<br \/>\nJosefina Guti\u00e9rrez (80 y 150 metros llanos).<br \/>\nLeonela L\u00f3pez (marcha).<br \/>\nSantiago Daperno (80 y 150 metros llanos).<br \/>\nAngelo Tuninetti (hexatl\u00f3n).<br \/>\nTob\u00edas Barra (marcha).<\/p>\n<p>Cabe recordar que la semana pasada en Rosario hab\u00edan clasificado siete atletas de CRAS tambi\u00e9n en Sub 17 (Camila Rodriguez, Antonela Toledo, Valentina Okon, Josefina Millimaci, Angelina Zanatta, Jazmina Rose y Julieta Broda), adem\u00e1s del lehmense Benjam\u00edn Castillo Molina.<\/p>\n<p>Cabe acotar que en Santa Fe tambi\u00e9n hubo representantes de Lehmann con meritorias performances:<\/p>\n<div id=\"m#msg-a:r7189446844327210051\" class=\"mail-message expanded\">\n<div class=\"mail-message-content collapsible zoom-normal mail-show-images \">\n<div class=\"clear\">\n<div dir=\"auto\">\n<div dir=\"auto\">Maia Dubois 2\u00b0 en 2000 Y 6\u00b0 en 800 metros.<\/div>\n<div dir=\"auto\">Morena Ben\u00edtez 2\u00b0 en lanzamiento de bala.<\/div>\n<div dir=\"auto\">Gimena Rotela 4\u00b0 en lanzamiento de martillo.<\/div>\n<\/div>\n<\/div>\n<\/div>\n<div class=\"mail-message-footer spacer collapsible\"><\/div>\n<\/div>\n","protected":false},"excerpt":{"rendered":"<p>En la pista del CARD de Santa Fe se realiz\u00f3 entre lunes y martes la instancia final del atletismo de<\/p>\n","protected":false},"author":2,"featured_media":34514,"comment_status":"closed","ping_status":"closed","sticky":false,"template":"","format":"standard","meta":{"footnotes":""},"categories":[7,24],"tags":[],"class_list":["post-34513","post","type-post","status-publish","format-standard","has-post-thumbnail","hentry","category-atletismo","category-noticias-destacadas"],"cc_featured_image_caption":{"caption_text":"En la definici\u00f3n de la marcha femenina clasific\u00f3 Leonela L\u00f3pez.","source_text":"","source_url":""},"_links":{"self":[{"href":"https:\/\/todoapulmon-rafaela.com\/index.php\/wp-json\/wp\/v2\/posts\/34513"}],"collection":[{"href":"https:\/\/todoapulmon-rafaela.com\/index.php\/wp-json\/wp\/v2\/posts"}],"about":[{"href":"https:\/\/todoapulmon-rafaela.com\/index.php\/wp-json\/wp\/v2\/types\/post"}],"author":[{"embeddable":true,"href":"https:\/\/todoapulmon-rafaela.com\/index.php\/wp-json\/wp\/v2\/users\/2"}],"replies":[{"embeddable":true,"href":"https:\/\/todoapulmon-rafaela.com\/index.php\/wp-json\/wp\/v2\/comments?post=34513"}],"version-history":[{"count":3,"href":"https:\/\/todoapulmon-rafaela.com\/index.php\/wp-json\/wp\/v2\/posts\/34513\/revisions"}],"predecessor-version":[{"id":34518,"href":"https:\/\/todoapulmon-rafaela.com\/index.php\/wp-json\/wp\/v2\/posts\/34513\/revisions\/34518"}],"wp:featuredmedia":[{"embeddable":true,"href":"https:\/\/todoapulmon-rafaela.com\/index.php\/wp-json\/wp\/v2\/media\/34514"}],"wp:attachment":[{"href":"https:\/\/todoapulmon-rafaela.com\/index.php\/wp-json\/wp\/v2\/media?parent=34513"}],"wp:term":[{"taxonomy":"category","embeddable":true,"href":"https:\/\/todoapulmon-rafaela.com\/index.php\/wp-json\/wp\/v2\/categories?post=34513"},{"taxonomy":"post_tag","embeddable":true,"href":"https:\/\/todoapulmon-rafaela.com\/index.php\/wp-json\/wp\/v2\/tags?post=34513"}],"curies":[{"name":"wp","href":"https:\/\/api.w.org\/{rel}","templated":true}]}}