{"id":34500,"date":"2022-09-19T22:18:02","date_gmt":"2022-09-19T22:18:02","guid":{"rendered":"https:\/\/todoapulmon-rafaela.com\/?p=34500"},"modified":"2022-09-19T22:21:51","modified_gmt":"2022-09-19T22:21:51","slug":"pedro-rubiolo-oficialmente-puma-para-la-revancha-con-sudafrica-y-tambien-la-vuelta-de-vivas","status":"publish","type":"post","link":"https:\/\/todoapulmon-rafaela.com\/index.php\/2022\/09\/19\/pedro-rubiolo-oficialmente-puma-para-la-revancha-con-sudafrica-y-tambien-la-vuelta-de-vivas\/","title":{"rendered":"Pedro Rubiolo, oficialmente Puma para la revancha con Sud\u00e1frica, y tambi\u00e9n la vuelta de Vivas"},"content":{"rendered":"<p>Seguramente si hace algunos a\u00f1os, supongamos una d\u00e9cada, alguien vaticinaba que en 2022 dos jugadores surgidos del C\u00edrculo Rafaelino de Rugby iban a vestir la camiseta de Los Pumas para un partido de un torneo oficial con las potencias del Hemisferio Sur, como el Rugby Championship, seguramente pocos hubiesen compartido ese optimismo.<br \/>\nPero el trabajo paga, como ya lo hemos mencionado en m\u00e1s de una oportunidad. De los formadores en el CRAR, y de los propios protagonistas, que son los jugadores. Y tanto Mayco Vivas como Pedro Rubiolo integran la lista de 29 jugadores del seleccionado argentino que ya est\u00e1 en Durban en busca de una victoria en la sexta fecha del Championship ante Sud\u00e1frica, para so\u00f1ar con levantar el t\u00edtulo del torneo por primera vez en la historia.<br \/>\nEl conjunto de Michael Cheika buscar\u00e1 dar otro batacazo en la ciudad de la costa este del pa\u00eds, c\u00f3mo en aquella oportunidad en el 2017.<br \/>\nLas novedades tienen que ver con la primera convocatoria en este ciclo del pilar tandilense Ignacio Calles, que se sum\u00f3 desde Francia (act\u00faa en Section Palois), y que Pedro Rubiolo deja de estar como invitado para ser elegible; tambi\u00e9n se reincorpor\u00f3 al plantel el pilar Mayco Vivas, que no estuvo en la citaci\u00f3n del primer partido ante los Sprinboks.<br \/>\nCalles, que suma dos caps, debut\u00f3 a fines de la temporada pasada ante Italia (adem\u00e1s actu\u00f3 frente a Irlanda), y este a\u00f1o particip\u00f3 de la gira de Argentina XV por Georgia y Portugal. Los que no viajaron a la gira son: Santiago Medrano, Tom\u00e1s Albornoz, Rodrigo Bruni, Santiago Cordero, Thomas Gallo, Santiago Grondona y Eliseo Morales (estaba como invitado).<\/p>\n<p><em><strong>Plantel de Los Pumas:<\/strong><\/em><\/p>\n<p>1. Alemanno, Mat\u00edas<br \/>\n2. Baz\u00e1n V\u00e9lez, Lautaro<br \/>\n3. Bello, Eduardo<br \/>\n4. Bertranou, Gonzalo<br \/>\n5. Boffelli, Emiliano<br \/>\n6. Calles, Ignacio<br \/>\n7. Carreras, Santiago<br \/>\n8. Cinti, Lucio<br \/>\n9. Creevy, Agust\u00edn<br \/>\n10. Cubelli, Tom\u00e1s<br \/>\n11. De la Fuente, Jer\u00f3nimo<br \/>\n12. Delguy, Bautista<br \/>\n13. Gonz\u00e1lez, Juan Mart\u00edn<br \/>\n14. Imhoff, Juan<br \/>\n15. Kremer, Marcos<br \/>\n16. Lavanini, Tom\u00e1s<br \/>\n17. Mall\u00eda, Juan Cruz<br \/>\n18. Matera, Pablo<br \/>\n19. Montoya, Juli\u00e1n<br \/>\n20. Moroni, Mat\u00edas<br \/>\n21. Orlando, Mat\u00edas<br \/>\n22. Oviedo, Joaqu\u00edn<br \/>\n23. Petti, Guido<br \/>\n24. Rubiolo, Pedro<br \/>\n25. Ruiz, Ignacio<br \/>\n26. Sclavi, Joel<br \/>\n27. Tetaz Chaparro, Nahuel<br \/>\n28. Urdapilleta, Benjam\u00edn<br \/>\n29. Vivas, Mayco.<\/p>\n","protected":false},"excerpt":{"rendered":"<p>Seguramente si hace algunos a\u00f1os, supongamos una d\u00e9cada, alguien vaticinaba que en 2022 dos jugadores surgidos del C\u00edrculo Rafaelino de<\/p>\n","protected":false},"author":2,"featured_media":34501,"comment_status":"closed","ping_status":"closed","sticky":false,"template":"","format":"standard","meta":{"footnotes":""},"categories":[24,2],"tags":[],"class_list":["post-34500","post","type-post","status-publish","format-standard","has-post-thumbnail","hentry","category-noticias-destacadas","category-rugby"],"cc_featured_image_caption":{"caption_text":"Pedro y Mayco, los rafaelinos Pumas para el cierre del Rugby Championship.","source_text":"","source_url":""},"_links":{"self":[{"href":"https:\/\/todoapulmon-rafaela.com\/index.php\/wp-json\/wp\/v2\/posts\/34500"}],"collection":[{"href":"https:\/\/todoapulmon-rafaela.com\/index.php\/wp-json\/wp\/v2\/posts"}],"about":[{"href":"https:\/\/todoapulmon-rafaela.com\/index.php\/wp-json\/wp\/v2\/types\/post"}],"author":[{"embeddable":true,"href":"https:\/\/todoapulmon-rafaela.com\/index.php\/wp-json\/wp\/v2\/users\/2"}],"replies":[{"embeddable":true,"href":"https:\/\/todoapulmon-rafaela.com\/index.php\/wp-json\/wp\/v2\/comments?post=34500"}],"version-history":[{"count":3,"href":"https:\/\/todoapulmon-rafaela.com\/index.php\/wp-json\/wp\/v2\/posts\/34500\/revisions"}],"predecessor-version":[{"id":34504,"href":"https:\/\/todoapulmon-rafaela.com\/index.php\/wp-json\/wp\/v2\/posts\/34500\/revisions\/34504"}],"wp:featuredmedia":[{"embeddable":true,"href":"https:\/\/todoapulmon-rafaela.com\/index.php\/wp-json\/wp\/v2\/media\/34501"}],"wp:attachment":[{"href":"https:\/\/todoapulmon-rafaela.com\/index.php\/wp-json\/wp\/v2\/media?parent=34500"}],"wp:term":[{"taxonomy":"category","embeddable":true,"href":"https:\/\/todoapulmon-rafaela.com\/index.php\/wp-json\/wp\/v2\/categories?post=34500"},{"taxonomy":"post_tag","embeddable":true,"href":"https:\/\/todoapulmon-rafaela.com\/index.php\/wp-json\/wp\/v2\/tags?post=34500"}],"curies":[{"name":"wp","href":"https:\/\/api.w.org\/{rel}","templated":true}]}}