{"id":34365,"date":"2022-09-15T18:07:24","date_gmt":"2022-09-15T18:07:24","guid":{"rendered":"https:\/\/todoapulmon-rafaela.com\/?p=34365"},"modified":"2022-09-15T19:23:54","modified_gmt":"2022-09-15T19:23:54","slug":"representantes-de-almagro-al-nacional-de-cadetes-de-handball","status":"publish","type":"post","link":"https:\/\/todoapulmon-rafaela.com\/index.php\/2022\/09\/15\/representantes-de-almagro-al-nacional-de-cadetes-de-handball\/","title":{"rendered":"Representantes de Almagro al Nacional de Cadetes de Handball"},"content":{"rendered":"<p>Del 19 al 23 de septiembre se desarrollar\u00e1 en Neuqu\u00e9n el Campeonato Argentino de Selecciones de Handball categor\u00edas cadetes (Niveles A, B y C), en el que estar\u00e1 participando el representativo de la Asociaci\u00f3n Santafesina en mujeres y varones. En ambos combinados fueron convocados representantes del Club Almagro de Rafaela.<\/p>\n<p>El equipo femenino tendr\u00e1 en sus filas a Paulina Ternengo (Pivote) y Maitena Botteri (Extremo), mientras que el seleccionado masculino contar\u00e1 con Isa\u00edas Retamoso (Central), Benjam\u00edn Merlino (Arquero), Lautaro Sassetti (extremo) y Santiago Grella (Lateral).<\/p>\n<p><img loading=\"lazy\" decoding=\"async\" class=\"alignnone size-full wp-image-34370\" src=\"https:\/\/todoapulmon-rafaela.com\/wp-content\/uploads\/2022\/09\/Screenshot_20220915-161606_Instagram.jpg\" alt=\"\" width=\"405\" height=\"526\" srcset=\"https:\/\/todoapulmon-rafaela.com\/wp-content\/uploads\/2022\/09\/Screenshot_20220915-161606_Instagram.jpg 405w, https:\/\/todoapulmon-rafaela.com\/wp-content\/uploads\/2022\/09\/Screenshot_20220915-161606_Instagram-231x300.jpg 231w\" sizes=\"(max-width: 405px) 100vw, 405px\" \/><\/p>\n<p>De esta manera, el handball rafaelino sigue con su sana costumbre de continuar nutriendo a los representativos santafesinos en competencias nacionales.<\/p>\n","protected":false},"excerpt":{"rendered":"<p>Del 19 al 23 de septiembre se desarrollar\u00e1 en Neuqu\u00e9n el Campeonato Argentino de Selecciones de Handball categor\u00edas cadetes (Niveles<\/p>\n","protected":false},"author":2,"featured_media":34366,"comment_status":"closed","ping_status":"closed","sticky":false,"template":"","format":"standard","meta":{"footnotes":""},"categories":[24],"tags":[],"class_list":["post-34365","post","type-post","status-publish","format-standard","has-post-thumbnail","hentry","category-noticias-destacadas"],"cc_featured_image_caption":{"caption_text":"Maitena Botteri, Paulina Ternengo, Isa\u00edas Retamoso, Benjam\u00edn Merlino y Santiago Grella (fotos A. Santafesina de Handball).","source_text":"","source_url":""},"_links":{"self":[{"href":"https:\/\/todoapulmon-rafaela.com\/index.php\/wp-json\/wp\/v2\/posts\/34365"}],"collection":[{"href":"https:\/\/todoapulmon-rafaela.com\/index.php\/wp-json\/wp\/v2\/posts"}],"about":[{"href":"https:\/\/todoapulmon-rafaela.com\/index.php\/wp-json\/wp\/v2\/types\/post"}],"author":[{"embeddable":true,"href":"https:\/\/todoapulmon-rafaela.com\/index.php\/wp-json\/wp\/v2\/users\/2"}],"replies":[{"embeddable":true,"href":"https:\/\/todoapulmon-rafaela.com\/index.php\/wp-json\/wp\/v2\/comments?post=34365"}],"version-history":[{"count":5,"href":"https:\/\/todoapulmon-rafaela.com\/index.php\/wp-json\/wp\/v2\/posts\/34365\/revisions"}],"predecessor-version":[{"id":34372,"href":"https:\/\/todoapulmon-rafaela.com\/index.php\/wp-json\/wp\/v2\/posts\/34365\/revisions\/34372"}],"wp:featuredmedia":[{"embeddable":true,"href":"https:\/\/todoapulmon-rafaela.com\/index.php\/wp-json\/wp\/v2\/media\/34366"}],"wp:attachment":[{"href":"https:\/\/todoapulmon-rafaela.com\/index.php\/wp-json\/wp\/v2\/media?parent=34365"}],"wp:term":[{"taxonomy":"category","embeddable":true,"href":"https:\/\/todoapulmon-rafaela.com\/index.php\/wp-json\/wp\/v2\/categories?post=34365"},{"taxonomy":"post_tag","embeddable":true,"href":"https:\/\/todoapulmon-rafaela.com\/index.php\/wp-json\/wp\/v2\/tags?post=34365"}],"curies":[{"name":"wp","href":"https:\/\/api.w.org\/{rel}","templated":true}]}}