{"id":34315,"date":"2022-09-13T22:56:13","date_gmt":"2022-09-13T22:56:13","guid":{"rendered":"https:\/\/todoapulmon-rafaela.com\/?p=34315"},"modified":"2022-09-13T22:56:13","modified_gmt":"2022-09-13T22:56:13","slug":"tomas-mondino-aguarda-el-alta-en-brasil","status":"publish","type":"post","link":"https:\/\/todoapulmon-rafaela.com\/index.php\/2022\/09\/13\/tomas-mondino-aguarda-el-alta-en-brasil\/","title":{"rendered":"Tom\u00e1s Mondino aguarda el alta en Brasil"},"content":{"rendered":"<p>Este mi\u00e9rcoles el rafaelino Tom\u00e1s Mondino tendr\u00e1 una nueva consulta en San Pablo con los facultativos m\u00e9dicos que le realizaron la intervenci\u00f3n quir\u00fargica el lunes, luego de la fractura de c\u00fabito y radio que sufri\u00f3 en el brazo derecho al culminar la posta 4&#215;100 el s\u00e1bado, producto de una ca\u00edda, en San Pablo durante el Sudamericano U18 en el cual obtuvo medalla dorada en 100 y 200 metros llanos.<br \/>\nMondino se encuentra en un Hotel en la populosa ciudad brasilera, en reposo junto a su madre Silvina Rodriguez Mes\u00f3n que viaj\u00f3 para acompa\u00f1arlo mientras se espera por el regreso al pa\u00eds.<\/p>\n<p>La operaci\u00f3n estuvo a cargo del Dr. Aldo Okamura, m\u00e9dico de la selecci\u00f3n brasilera de voley, y se realiz\u00f3 en el Hospital Alborada.<\/p>\n<p>A priori, es factible que si hoy los m\u00e9dicos le dan el alta podr\u00e1 subirse al avi\u00f3n y estar en Rafaela en las \u00faltimas horas del mi\u00e9rcoles o el jueves.<br \/>\nLa operaci\u00f3n de Tom\u00e1s dur\u00f3 aproximadamente cinco horas, pero el estado del juvenil es bueno, m\u00e1s all\u00e1 del cansancio l\u00f3gico por el post-operatorio.<br \/>\nCabe recordar que debido a esta lesi\u00f3n, Tomy no podr\u00e1 finalizar el calendario 2022 que lo iba a tener siendo parte tambi\u00e9n del equipo argentino en el Sudamericano U23 a realizarse en Cascabel, tambi\u00e9n en Brasil, y adem\u00e1s en los Juegos Evita a realizarse en Mar del Plata.<\/p>\n<p>Inclusive en Brasil recibi\u00f3 la invitaci\u00f3n para un torneo internacional organizado por una reconocida marca de indumentaria deportiva.<\/p>\n","protected":false},"excerpt":{"rendered":"<p>Este mi\u00e9rcoles el rafaelino Tom\u00e1s Mondino tendr\u00e1 una nueva consulta en San Pablo con los facultativos m\u00e9dicos que le realizaron<\/p>\n","protected":false},"author":2,"featured_media":34316,"comment_status":"closed","ping_status":"closed","sticky":false,"template":"","format":"standard","meta":{"footnotes":""},"categories":[7,24],"tags":[],"class_list":["post-34315","post","type-post","status-publish","format-standard","has-post-thumbnail","hentry","category-atletismo","category-noticias-destacadas"],"cc_featured_image_caption":{"caption_text":"Tomy haciendo reposo, acompa\u00f1ado por su madre Silvina.","source_text":"","source_url":""},"_links":{"self":[{"href":"https:\/\/todoapulmon-rafaela.com\/index.php\/wp-json\/wp\/v2\/posts\/34315"}],"collection":[{"href":"https:\/\/todoapulmon-rafaela.com\/index.php\/wp-json\/wp\/v2\/posts"}],"about":[{"href":"https:\/\/todoapulmon-rafaela.com\/index.php\/wp-json\/wp\/v2\/types\/post"}],"author":[{"embeddable":true,"href":"https:\/\/todoapulmon-rafaela.com\/index.php\/wp-json\/wp\/v2\/users\/2"}],"replies":[{"embeddable":true,"href":"https:\/\/todoapulmon-rafaela.com\/index.php\/wp-json\/wp\/v2\/comments?post=34315"}],"version-history":[{"count":1,"href":"https:\/\/todoapulmon-rafaela.com\/index.php\/wp-json\/wp\/v2\/posts\/34315\/revisions"}],"predecessor-version":[{"id":34317,"href":"https:\/\/todoapulmon-rafaela.com\/index.php\/wp-json\/wp\/v2\/posts\/34315\/revisions\/34317"}],"wp:featuredmedia":[{"embeddable":true,"href":"https:\/\/todoapulmon-rafaela.com\/index.php\/wp-json\/wp\/v2\/media\/34316"}],"wp:attachment":[{"href":"https:\/\/todoapulmon-rafaela.com\/index.php\/wp-json\/wp\/v2\/media?parent=34315"}],"wp:term":[{"taxonomy":"category","embeddable":true,"href":"https:\/\/todoapulmon-rafaela.com\/index.php\/wp-json\/wp\/v2\/categories?post=34315"},{"taxonomy":"post_tag","embeddable":true,"href":"https:\/\/todoapulmon-rafaela.com\/index.php\/wp-json\/wp\/v2\/tags?post=34315"}],"curies":[{"name":"wp","href":"https:\/\/api.w.org\/{rel}","templated":true}]}}