{"id":34287,"date":"2022-09-13T02:00:58","date_gmt":"2022-09-13T02:00:58","guid":{"rendered":"https:\/\/todoapulmon-rafaela.com\/?p=34287"},"modified":"2022-09-13T02:00:58","modified_gmt":"2022-09-13T02:00:58","slug":"argentina-inicia-las-finales-de-la-copa-davis","status":"publish","type":"post","link":"https:\/\/todoapulmon-rafaela.com\/index.php\/2022\/09\/13\/argentina-inicia-las-finales-de-la-copa-davis\/","title":{"rendered":"Argentina inicia las Finales de la Copa Davis"},"content":{"rendered":"<p>El tenista Sebasti\u00e1n B\u00e1ez, n\u00famero 37 del mundo, ser\u00e1 el encargado de abrir este martes la serie ante Suecia en Bologna por el Grupo A de las Finales de la Copa Davis, al ser designado como segundo singlista argentino por parte del capit\u00e1n Guillermo Coria.<\/p>\n<p>B\u00e1ez afrontar\u00e1 su partido desde las 10.00 de Argentina en el Unipol Arena, con capacidad para 20.000 personas, ante un rival todav\u00eda no confirmado por el conductor del equipo sueco, Robin Soderling.<\/p>\n<p>El bonaerense, campe\u00f3n este a\u00f1o en Estoril y finalista en Bastad y Santiago de Chile, le gan\u00f3 la pulseada al debutante Francisco Cer\u00fandolo y tendr\u00e1 as\u00ed su segundo partido de Copa Davis tras estrenarse en marzo pasado en la victoria sobre la Rep\u00fablica Checa por 4-0 en el Buenos Aires Lawn Tennis Club.<\/p>\n<p>A continuaci\u00f3n, Diego Schwartzman disputar\u00e1 el segundo partido y luego la pareja conformada por M\u00e1ximo Gonz\u00e1lez y Horacio Zeballos cerrar\u00e1 la primera serie de Argentina, que volver\u00e1 a jugar el viernes frente al local Italia y el s\u00e1bado ante Croacia, que en las \u00faltimas horas confirm\u00f3 la baja de Marin Cilic.<\/p>\n<p>Suecia, a priori el rival m\u00e1s accesible del Grupo A, arm\u00f3 su equipo con los hermanos Mikael (99) y El\u00edas (133) Ymer, m\u00e1s Karl Friberg (559), Jonathan Mridha (497) y Andre Goransson (77 en dobles).<\/p>\n","protected":false},"excerpt":{"rendered":"<p>El tenista Sebasti\u00e1n B\u00e1ez, n\u00famero 37 del mundo, ser\u00e1 el encargado de abrir este martes la serie ante Suecia en<\/p>\n","protected":false},"author":2,"featured_media":34288,"comment_status":"closed","ping_status":"closed","sticky":false,"template":"","format":"standard","meta":{"footnotes":""},"categories":[6],"tags":[],"class_list":["post-34287","post","type-post","status-publish","format-standard","has-post-thumbnail","hentry","category-tenis"],"cc_featured_image_caption":{"caption_text":"FOTO AAT","source_text":"","source_url":""},"_links":{"self":[{"href":"https:\/\/todoapulmon-rafaela.com\/index.php\/wp-json\/wp\/v2\/posts\/34287"}],"collection":[{"href":"https:\/\/todoapulmon-rafaela.com\/index.php\/wp-json\/wp\/v2\/posts"}],"about":[{"href":"https:\/\/todoapulmon-rafaela.com\/index.php\/wp-json\/wp\/v2\/types\/post"}],"author":[{"embeddable":true,"href":"https:\/\/todoapulmon-rafaela.com\/index.php\/wp-json\/wp\/v2\/users\/2"}],"replies":[{"embeddable":true,"href":"https:\/\/todoapulmon-rafaela.com\/index.php\/wp-json\/wp\/v2\/comments?post=34287"}],"version-history":[{"count":1,"href":"https:\/\/todoapulmon-rafaela.com\/index.php\/wp-json\/wp\/v2\/posts\/34287\/revisions"}],"predecessor-version":[{"id":34289,"href":"https:\/\/todoapulmon-rafaela.com\/index.php\/wp-json\/wp\/v2\/posts\/34287\/revisions\/34289"}],"wp:featuredmedia":[{"embeddable":true,"href":"https:\/\/todoapulmon-rafaela.com\/index.php\/wp-json\/wp\/v2\/media\/34288"}],"wp:attachment":[{"href":"https:\/\/todoapulmon-rafaela.com\/index.php\/wp-json\/wp\/v2\/media?parent=34287"}],"wp:term":[{"taxonomy":"category","embeddable":true,"href":"https:\/\/todoapulmon-rafaela.com\/index.php\/wp-json\/wp\/v2\/categories?post=34287"},{"taxonomy":"post_tag","embeddable":true,"href":"https:\/\/todoapulmon-rafaela.com\/index.php\/wp-json\/wp\/v2\/tags?post=34287"}],"curies":[{"name":"wp","href":"https:\/\/api.w.org\/{rel}","templated":true}]}}