{"id":34271,"date":"2022-09-12T12:50:01","date_gmt":"2022-09-12T12:50:01","guid":{"rendered":"https:\/\/todoapulmon-rafaela.com\/?p=34271"},"modified":"2022-09-12T12:51:37","modified_gmt":"2022-09-12T12:51:37","slug":"destacada-performance-de-emilia-acosta-en-el-selectivo-sudamericano","status":"publish","type":"post","link":"https:\/\/todoapulmon-rafaela.com\/index.php\/2022\/09\/12\/destacada-performance-de-emilia-acosta-en-el-selectivo-sudamericano\/","title":{"rendered":"Destacada performance de Emilia Acosta en el Selectivo Sudamericano"},"content":{"rendered":"<p>Emilia Acosta, gimnasta de Elite categor\u00eda juvenil de CREAR Club de nuestra ciudad, particip\u00f3 los d\u00edas viernes 2 y s\u00e1bado 3 de septiembre del Segundo Selectivo para el Sudamericano Age Group que se realiz\u00f3 en Buenos Aires, en las instalaciones del CENARD.<br \/>\nLogr\u00f3 un meritorio 5\u00b0 lugar cumpliendo con todos los objetivos propuestos, recibiendo las felicitaciones por su desempe\u00f1o, al igual que su entrenador Victor Ingaramo. Cabe mencionar que Emilia qued\u00f3 como primer suplente del equipo nacional, ya que clasificaban las cuatro primeras.<\/p>\n<p><img loading=\"lazy\" decoding=\"async\" class=\"alignnone size-medium wp-image-34273\" src=\"https:\/\/todoapulmon-rafaela.com\/wp-content\/uploads\/2022\/09\/Emilia-Acosta-2022-Cenard-225x300.jpg\" alt=\"\" width=\"225\" height=\"300\" srcset=\"https:\/\/todoapulmon-rafaela.com\/wp-content\/uploads\/2022\/09\/Emilia-Acosta-2022-Cenard-225x300.jpg 225w, https:\/\/todoapulmon-rafaela.com\/wp-content\/uploads\/2022\/09\/Emilia-Acosta-2022-Cenard.jpg 960w\" sizes=\"(max-width: 225px) 100vw, 225px\" \/><img loading=\"lazy\" decoding=\"async\" class=\"alignnone size-medium wp-image-34274\" src=\"https:\/\/todoapulmon-rafaela.com\/wp-content\/uploads\/2022\/09\/Acosta-Ingaramo-2022-Cenard-225x300.jpg\" alt=\"\" width=\"225\" height=\"300\" srcset=\"https:\/\/todoapulmon-rafaela.com\/wp-content\/uploads\/2022\/09\/Acosta-Ingaramo-2022-Cenard-225x300.jpg 225w, https:\/\/todoapulmon-rafaela.com\/wp-content\/uploads\/2022\/09\/Acosta-Ingaramo-2022-Cenard.jpg 960w\" sizes=\"(max-width: 225px) 100vw, 225px\" \/><\/p>\n<p>No obstante, en el mes de octubre estar\u00e1 participando de cara al Promesas Panamericanas, en un solo Selectivo. All\u00ed clasificar\u00e1n las tres primeras para ser parte del representativo argentino en dicha competencia internacional.<\/p>\n<p>En el video aqu\u00ed debajo, una muestra de sus condiciones.<\/p>\n<div style=\"width: 640px;\" class=\"wp-video\"><!--[if lt IE 9]><script>document.createElement('video');<\/script><![endif]-->\n<video class=\"wp-video-shortcode\" id=\"video-34271-1\" width=\"640\" height=\"352\" preload=\"metadata\" controls=\"controls\"><source type=\"video\/mp4\" src=\"https:\/\/todoapulmon-rafaela.com\/wp-content\/uploads\/2022\/09\/VID-20220912-WA00061.mp4?_=1\" \/><a href=\"https:\/\/todoapulmon-rafaela.com\/wp-content\/uploads\/2022\/09\/VID-20220912-WA00061.mp4\">https:\/\/todoapulmon-rafaela.com\/wp-content\/uploads\/2022\/09\/VID-20220912-WA00061.mp4<\/a><\/video><\/div>\n<p>&nbsp;<\/p>\n","protected":false},"excerpt":{"rendered":"<p>Emilia Acosta, gimnasta de Elite categor\u00eda juvenil de CREAR Club de nuestra ciudad, particip\u00f3 los d\u00edas viernes 2 y s\u00e1bado<\/p>\n","protected":false},"author":2,"featured_media":34272,"comment_status":"closed","ping_status":"closed","sticky":false,"template":"","format":"standard","meta":{"footnotes":""},"categories":[24],"tags":[],"class_list":["post-34271","post","type-post","status-publish","format-standard","has-post-thumbnail","hentry","category-noticias-destacadas"],"cc_featured_image_caption":{"caption_text":"FOTO PRENSA CREAR CLUB","source_text":"","source_url":""},"_links":{"self":[{"href":"https:\/\/todoapulmon-rafaela.com\/index.php\/wp-json\/wp\/v2\/posts\/34271"}],"collection":[{"href":"https:\/\/todoapulmon-rafaela.com\/index.php\/wp-json\/wp\/v2\/posts"}],"about":[{"href":"https:\/\/todoapulmon-rafaela.com\/index.php\/wp-json\/wp\/v2\/types\/post"}],"author":[{"embeddable":true,"href":"https:\/\/todoapulmon-rafaela.com\/index.php\/wp-json\/wp\/v2\/users\/2"}],"replies":[{"embeddable":true,"href":"https:\/\/todoapulmon-rafaela.com\/index.php\/wp-json\/wp\/v2\/comments?post=34271"}],"version-history":[{"count":2,"href":"https:\/\/todoapulmon-rafaela.com\/index.php\/wp-json\/wp\/v2\/posts\/34271\/revisions"}],"predecessor-version":[{"id":34277,"href":"https:\/\/todoapulmon-rafaela.com\/index.php\/wp-json\/wp\/v2\/posts\/34271\/revisions\/34277"}],"wp:featuredmedia":[{"embeddable":true,"href":"https:\/\/todoapulmon-rafaela.com\/index.php\/wp-json\/wp\/v2\/media\/34272"}],"wp:attachment":[{"href":"https:\/\/todoapulmon-rafaela.com\/index.php\/wp-json\/wp\/v2\/media?parent=34271"}],"wp:term":[{"taxonomy":"category","embeddable":true,"href":"https:\/\/todoapulmon-rafaela.com\/index.php\/wp-json\/wp\/v2\/categories?post=34271"},{"taxonomy":"post_tag","embeddable":true,"href":"https:\/\/todoapulmon-rafaela.com\/index.php\/wp-json\/wp\/v2\/tags?post=34271"}],"curies":[{"name":"wp","href":"https:\/\/api.w.org\/{rel}","templated":true}]}}