{"id":34105,"date":"2022-09-06T13:38:09","date_gmt":"2022-09-06T13:38:09","guid":{"rendered":"https:\/\/todoapulmon-rafaela.com\/?p=34105"},"modified":"2022-09-06T13:38:09","modified_gmt":"2022-09-06T13:38:09","slug":"los-dias-y-horarios-de-competencia-en-el-sudamericano-u18-para-rodriguez-mondino-y-castillo","status":"publish","type":"post","link":"https:\/\/todoapulmon-rafaela.com\/index.php\/2022\/09\/06\/los-dias-y-horarios-de-competencia-en-el-sudamericano-u18-para-rodriguez-mondino-y-castillo\/","title":{"rendered":"Los d\u00edas y horarios de competencia en el Sudamericano U18 para Rodriguez, Mondino y Castillo"},"content":{"rendered":"<p>La Confederaci\u00f3n Brasile\u00f1a de Atletismo anunci\u00f3 que el Campeonato Sudamericano Sub-18, que se realizar\u00e1 del 9 al 11 de septiembre, en el Estadio del Centro Ol\u00edmpico de Entrenamiento e Investigaci\u00f3n, en Vila Clementino, en Sao Paulo, reunir\u00e1 a 273 atletas (139 hombres y 134 mujeres), en representaci\u00f3n de 10 pa\u00edses, incluido Brasil.<br \/>\nLa selecci\u00f3n brasile\u00f1a tiene el mayor n\u00famero de inscritos, con 66 atletas (32 mujeres y 34 hombres. Argentina registr\u00f3 42 atletas (22 masculinos y 20 femeninos), el segundo pa\u00eds con mayor n\u00famero de participantes, entre ellos los velocistas rafaelinos Tom\u00e1s Mondino y Camila Rodriguez, y el medio fondista lehmense Benjam\u00edn Castillo Molina. En el caso de los dos primeros intervendr\u00e1n en 100 y 200 metros llanos, y postas, y Castillo Molina en 2.000 metros con obst\u00e1culos.<br \/>\nEl sitio oficial del torneo ya estipul\u00f3 el programa horario. Los d\u00edas y horarios de nuestros representantes ser\u00e1n los siguientes:<\/p>\n<p><strong>Viernes 9, 14.50 horas:<\/strong> semifinales 100 metros llanos mujeres.<br \/>\n<strong>Viernes 9, 15.10 horas:<\/strong> semifinales 100 metros llanos varones.<br \/>\n<strong>Viernes 9, 16.50:<\/strong> final 100 metros llanos mujeres.<br \/>\n<strong>Viernes 9, 17.10:<\/strong> final 100 metros llanos varones.<br \/>\n<strong>S\u00e1bado 10, 9.10:<\/strong> semifinal 200 metros llanos mujeres.<br \/>\n<strong>S\u00e1bado 10, 9.30:<\/strong> semifinal 200 metros llanos varones.\u00b4<br \/>\n<strong>S\u00e1bado 10, 11.10:<\/strong> final 2.000 metros con obst\u00e1culos varones.<br \/>\n<strong>S\u00e1bado 10, 14:<\/strong> final 200 metros llanos mujeres.<br \/>\n<strong>S\u00e1bado 10: 14.20<\/strong>, final 200 metros llanos varones.<br \/>\n<strong>S\u00e1bado 10: 17.40<\/strong>, posta 4&#215;100 femenina.<br \/>\n<strong>S\u00e1bado 10: 18<\/strong>, posta 4&#215;100 masculina.<\/p>\n","protected":false},"excerpt":{"rendered":"<p>La Confederaci\u00f3n Brasile\u00f1a de Atletismo anunci\u00f3 que el Campeonato Sudamericano Sub-18, que se realizar\u00e1 del 9 al 11 de septiembre,<\/p>\n","protected":false},"author":2,"featured_media":33516,"comment_status":"closed","ping_status":"closed","sticky":false,"template":"","format":"standard","meta":{"footnotes":""},"categories":[7,24],"tags":[],"class_list":["post-34105","post","type-post","status-publish","format-standard","has-post-thumbnail","hentry","category-atletismo","category-noticias-destacadas"],"cc_featured_image_caption":{"caption_text":"","source_text":"","source_url":""},"_links":{"self":[{"href":"https:\/\/todoapulmon-rafaela.com\/index.php\/wp-json\/wp\/v2\/posts\/34105"}],"collection":[{"href":"https:\/\/todoapulmon-rafaela.com\/index.php\/wp-json\/wp\/v2\/posts"}],"about":[{"href":"https:\/\/todoapulmon-rafaela.com\/index.php\/wp-json\/wp\/v2\/types\/post"}],"author":[{"embeddable":true,"href":"https:\/\/todoapulmon-rafaela.com\/index.php\/wp-json\/wp\/v2\/users\/2"}],"replies":[{"embeddable":true,"href":"https:\/\/todoapulmon-rafaela.com\/index.php\/wp-json\/wp\/v2\/comments?post=34105"}],"version-history":[{"count":1,"href":"https:\/\/todoapulmon-rafaela.com\/index.php\/wp-json\/wp\/v2\/posts\/34105\/revisions"}],"predecessor-version":[{"id":34106,"href":"https:\/\/todoapulmon-rafaela.com\/index.php\/wp-json\/wp\/v2\/posts\/34105\/revisions\/34106"}],"wp:featuredmedia":[{"embeddable":true,"href":"https:\/\/todoapulmon-rafaela.com\/index.php\/wp-json\/wp\/v2\/media\/33516"}],"wp:attachment":[{"href":"https:\/\/todoapulmon-rafaela.com\/index.php\/wp-json\/wp\/v2\/media?parent=34105"}],"wp:term":[{"taxonomy":"category","embeddable":true,"href":"https:\/\/todoapulmon-rafaela.com\/index.php\/wp-json\/wp\/v2\/categories?post=34105"},{"taxonomy":"post_tag","embeddable":true,"href":"https:\/\/todoapulmon-rafaela.com\/index.php\/wp-json\/wp\/v2\/tags?post=34105"}],"curies":[{"name":"wp","href":"https:\/\/api.w.org\/{rel}","templated":true}]}}