{"id":33899,"date":"2022-09-03T16:44:43","date_gmt":"2022-09-03T16:44:43","guid":{"rendered":"https:\/\/todoapulmon-rafaela.com\/?p=33899"},"modified":"2022-09-03T16:46:35","modified_gmt":"2022-09-03T16:46:35","slug":"se-van-sumando-medallas-para-accos","status":"publish","type":"post","link":"https:\/\/todoapulmon-rafaela.com\/index.php\/2022\/09\/03\/se-van-sumando-medallas-para-accos\/","title":{"rendered":"Se van sumando medallas para ACCOS"},"content":{"rendered":"<p>Est\u00e1 en marcha la segunda jornada del Campeonato Argentino de Pista Elite, Sub 23, Damas y Adaptado en Esperanza, con m\u00e1s medallas para la delegaci\u00f3n de ACCOS de nuestra ciudad.<\/p>\n<p>Primero Natalia Vera obtuvo la medalla de plata en los 500 metros con partida detenida. El oro fue para Valentina Luna (Mar y Sierras), mientras que la de bronce fue para Adriana Perino, que tambi\u00e9n corre para ACCOS. Recordemos que Nati gan\u00f3 el oro en velocidad en el cierre del jueves.<\/p>\n<p><img loading=\"lazy\" decoding=\"async\" class=\"alignnone size-full wp-image-33908\" src=\"https:\/\/todoapulmon-rafaela.com\/wp-content\/uploads\/2022\/09\/Argentino-de-Pista-Dia-2-3.jpg\" alt=\"\" width=\"853\" height=\"1280\" srcset=\"https:\/\/todoapulmon-rafaela.com\/wp-content\/uploads\/2022\/09\/Argentino-de-Pista-Dia-2-3.jpg 853w, https:\/\/todoapulmon-rafaela.com\/wp-content\/uploads\/2022\/09\/Argentino-de-Pista-Dia-2-3-200x300.jpg 200w\" sizes=\"(max-width: 853px) 100vw, 853px\" \/><\/p>\n<p>Luego fue el turno del kil\u00f3metro de varones, donde Juan Castillo, el oriundo de Chacabuco que representa a la Asociaci\u00f3n Ciclista Centro Oeste Santafesino logr\u00f3 el oro en Sub 23, con el segundo mejor tiempo general. El principal registro fue para Lucas Vilar (Mar y Sierras), que de tal modo fue oro en elite. El tercer tiempo fue para Joaquin Duran (Formosa), mientras que el rafaelino Mauro Agostini qued\u00f3 octavo.<\/p>\n<p><img loading=\"lazy\" decoding=\"async\" class=\"alignnone size-full wp-image-33907\" src=\"https:\/\/todoapulmon-rafaela.com\/wp-content\/uploads\/2022\/09\/Argentino-de-Pista-Dia-2-5.jpg\" alt=\"\" width=\"853\" height=\"1280\" srcset=\"https:\/\/todoapulmon-rafaela.com\/wp-content\/uploads\/2022\/09\/Argentino-de-Pista-Dia-2-5.jpg 853w, https:\/\/todoapulmon-rafaela.com\/wp-content\/uploads\/2022\/09\/Argentino-de-Pista-Dia-2-5-200x300.jpg 200w\" sizes=\"(max-width: 853px) 100vw, 853px\" \/><\/p>\n<p>Alejo Betique, el oriundo de Ca\u00f1ada de G\u00f3mez que tambi\u00e9n corre para ACCOS, fue bronce en Sub 23.<\/p>\n<p><img loading=\"lazy\" decoding=\"async\" class=\"alignnone size-full wp-image-33911\" src=\"https:\/\/todoapulmon-rafaela.com\/wp-content\/uploads\/2022\/09\/Argentino-de-Pista-Dia2-2.jpg\" alt=\"\" width=\"1280\" height=\"853\" srcset=\"https:\/\/todoapulmon-rafaela.com\/wp-content\/uploads\/2022\/09\/Argentino-de-Pista-Dia2-2.jpg 1280w, https:\/\/todoapulmon-rafaela.com\/wp-content\/uploads\/2022\/09\/Argentino-de-Pista-Dia2-2-300x200.jpg 300w\" sizes=\"(max-width: 1280px) 100vw, 1280px\" \/><\/p>\n","protected":false},"excerpt":{"rendered":"<p>Est\u00e1 en marcha la segunda jornada del Campeonato Argentino de Pista Elite, Sub 23, Damas y Adaptado en Esperanza, con<\/p>\n","protected":false},"author":2,"featured_media":33909,"comment_status":"open","ping_status":"open","sticky":false,"template":"","format":"standard","meta":{"footnotes":""},"categories":[4,24],"tags":[],"class_list":["post-33899","post","type-post","status-publish","format-standard","has-post-thumbnail","hentry","category-ciclismo","category-noticias-destacadas"],"cc_featured_image_caption":{"caption_text":"FOTO FACPYR","source_text":"","source_url":""},"_links":{"self":[{"href":"https:\/\/todoapulmon-rafaela.com\/index.php\/wp-json\/wp\/v2\/posts\/33899"}],"collection":[{"href":"https:\/\/todoapulmon-rafaela.com\/index.php\/wp-json\/wp\/v2\/posts"}],"about":[{"href":"https:\/\/todoapulmon-rafaela.com\/index.php\/wp-json\/wp\/v2\/types\/post"}],"author":[{"embeddable":true,"href":"https:\/\/todoapulmon-rafaela.com\/index.php\/wp-json\/wp\/v2\/users\/2"}],"replies":[{"embeddable":true,"href":"https:\/\/todoapulmon-rafaela.com\/index.php\/wp-json\/wp\/v2\/comments?post=33899"}],"version-history":[{"count":4,"href":"https:\/\/todoapulmon-rafaela.com\/index.php\/wp-json\/wp\/v2\/posts\/33899\/revisions"}],"predecessor-version":[{"id":33914,"href":"https:\/\/todoapulmon-rafaela.com\/index.php\/wp-json\/wp\/v2\/posts\/33899\/revisions\/33914"}],"wp:featuredmedia":[{"embeddable":true,"href":"https:\/\/todoapulmon-rafaela.com\/index.php\/wp-json\/wp\/v2\/media\/33909"}],"wp:attachment":[{"href":"https:\/\/todoapulmon-rafaela.com\/index.php\/wp-json\/wp\/v2\/media?parent=33899"}],"wp:term":[{"taxonomy":"category","embeddable":true,"href":"https:\/\/todoapulmon-rafaela.com\/index.php\/wp-json\/wp\/v2\/categories?post=33899"},{"taxonomy":"post_tag","embeddable":true,"href":"https:\/\/todoapulmon-rafaela.com\/index.php\/wp-json\/wp\/v2\/tags?post=33899"}],"curies":[{"name":"wp","href":"https:\/\/api.w.org\/{rel}","templated":true}]}}