{"id":33884,"date":"2022-09-03T02:18:28","date_gmt":"2022-09-03T02:18:28","guid":{"rendered":"https:\/\/todoapulmon-rafaela.com\/?p=33884"},"modified":"2022-09-03T02:18:28","modified_gmt":"2022-09-03T02:18:28","slug":"oro-para-natalia-vera-en-velocidad","status":"publish","type":"post","link":"https:\/\/todoapulmon-rafaela.com\/index.php\/2022\/09\/03\/oro-para-natalia-vera-en-velocidad\/","title":{"rendered":"Oro para Natalia Vera en velocidad"},"content":{"rendered":"<p>Finaliz\u00f3 la primera jornada del Campeonato Argentino de ciclismo de pista \u00e9lite de Esperanza 2022. Debido a las lluvias acaecidas en la ciudad santafesina, el certamen debi\u00f3 comenzar un d\u00eda m\u00e1s tarde, lo que produjo la reprogramaci\u00f3n de varias pruebas y extendi\u00f3 la jornada de viernes.<\/p>\n<p>Natalia Vera le dio la primera medalla dorada a ACCOS, en la prueba de velocidad.<\/p>\n<p>A continuaci\u00f3n, todos los podios:<br \/>\n<strong>Persecuci\u00f3n por equipos<\/strong><br \/>\n1\u00b0, Sanjuanina (Rub\u00e9n Ramos, Nicol\u00e1s Tivani, Rodrigo D\u00edaz y Santiago S\u00e1nchez Ordo\u00f1ez); 2\u00b0 Fusi\u00f3n (Marcos M\u00e9ndez, Alejo Betique, Fabrizio Crozzolo y Agust\u00edn Ferrari), y 3\u00b0, Cordobesa (Guillermo Brunetta, Juan Pablo Serrano, M\u00e1ximo Cornejo y Diego Valenzuela).<br \/>\n<strong>Scratch<\/strong><br \/>\nDamas: 1\u00b0, Xoana Acosta (Mar y Sierras), 2\u00b0, Maribel Aguirre (Sanjuanina) y 3\u00b0, Anabel Ruiz (Juninense).<br \/>\nVarones: 1\u00b0, Marcos M\u00e9ndez (ACINPROBA), 2\u00b0, Hugo Vel\u00e1zquez (ACINOBA) y 3\u00b0, Juan Manuel Boldu (Sanluise\u00f1a).<br \/>\n<strong>Velocidad Individual<\/strong><br \/>\nDamas: 1\u00b0, Natalia Vera (ACCOS), 2\u00b0, Valentina Luna (Pueblo de la Paz) y 3\u00b0, Adriana Perino (ACCOS).<br \/>\nVarones: 1\u00b0 Juan Rodr\u00edguez (Sanluise\u00f1a), 2\u00b0 Lucas Vilar (Mar y Sierras) y 3\u00b0, Leandro Bottasso (Cordobesa).<\/p>\n<figure id=\"attachment_33890\" aria-describedby=\"caption-attachment-33890\" style=\"width: 861px\" class=\"wp-caption alignnone\"><img loading=\"lazy\" decoding=\"async\" class=\"size-full wp-image-33890\" src=\"https:\/\/todoapulmon-rafaela.com\/wp-content\/uploads\/2022\/09\/Festejo-Vera-velocidad.jpg\" alt=\"\" width=\"861\" height=\"1280\" srcset=\"https:\/\/todoapulmon-rafaela.com\/wp-content\/uploads\/2022\/09\/Festejo-Vera-velocidad.jpg 861w, https:\/\/todoapulmon-rafaela.com\/wp-content\/uploads\/2022\/09\/Festejo-Vera-velocidad-202x300.jpg 202w\" sizes=\"(max-width: 861px) 100vw, 861px\" \/><figcaption id=\"caption-attachment-33890\" class=\"wp-caption-text\">FOTO TTL DEPORTES<\/figcaption><\/figure>\n<p><strong>Persecuci\u00f3n Individual<\/strong><br \/>\nDamas: 1\u00b0, Cristina Greve (Cordobesa) en 4.05.741, 2\u00b0, Antonela Leonardi (Metropolitana) en 4.06.783 y 3\u00b0, Maribel Aguirre (Sanjuanina) en 4.08.489.<br \/>\nVarones: 1\u00b0, Emiliano Fern\u00e1ndez (Sanluise\u00f1a) en 4.51.765, 2\u00b0, Nicol\u00e1s Tivani (Sanjuanina) en 4.54.533 y 3\u00b0, Rub\u00e9n Ramos (Sanjuanina) en 4.57.305.<br \/>\n<strong>Vueltas Puntables<\/strong><br \/>\nDamas: 1\u00b0, Julieta Benedetti (Mendoza), 2\u00b0, Maribel Aguirre (Sanjuanina) y 3\u00b0, Anabel Ruiz (Juninense).<br \/>\nSub23: 1\u00b0, Rodrigo D\u00edaz (Sanjuanina), 2\u00b0, Mauro Dom\u00ednguez (Sanjuanina) y 3\u00b0, Jonathan Almada (Sur Correntino).<br \/>\nVarones \u00e9lite: 1\u00b0, Nicol\u00e1s Tivani (Sanjuanina), 2\u00b0, Rub\u00e9n Ramos (Sanjuanina) y 3\u00b0 Daniel Ju\u00e1rez (Sanjuanina).<\/p>\n","protected":false},"excerpt":{"rendered":"<p>Finaliz\u00f3 la primera jornada del Campeonato Argentino de ciclismo de pista \u00e9lite de Esperanza 2022. Debido a las lluvias acaecidas<\/p>\n","protected":false},"author":2,"featured_media":33889,"comment_status":"open","ping_status":"open","sticky":false,"template":"","format":"standard","meta":{"footnotes":""},"categories":[4,24],"tags":[],"class_list":["post-33884","post","type-post","status-publish","format-standard","has-post-thumbnail","hentry","category-ciclismo","category-noticias-destacadas"],"cc_featured_image_caption":{"caption_text":"El podio de velocidad, con el triunfo de Nati, la plata de Valentina Luna y el bronce de Adriana Perino (foto TTL Deportes).","source_text":"","source_url":""},"_links":{"self":[{"href":"https:\/\/todoapulmon-rafaela.com\/index.php\/wp-json\/wp\/v2\/posts\/33884"}],"collection":[{"href":"https:\/\/todoapulmon-rafaela.com\/index.php\/wp-json\/wp\/v2\/posts"}],"about":[{"href":"https:\/\/todoapulmon-rafaela.com\/index.php\/wp-json\/wp\/v2\/types\/post"}],"author":[{"embeddable":true,"href":"https:\/\/todoapulmon-rafaela.com\/index.php\/wp-json\/wp\/v2\/users\/2"}],"replies":[{"embeddable":true,"href":"https:\/\/todoapulmon-rafaela.com\/index.php\/wp-json\/wp\/v2\/comments?post=33884"}],"version-history":[{"count":2,"href":"https:\/\/todoapulmon-rafaela.com\/index.php\/wp-json\/wp\/v2\/posts\/33884\/revisions"}],"predecessor-version":[{"id":33891,"href":"https:\/\/todoapulmon-rafaela.com\/index.php\/wp-json\/wp\/v2\/posts\/33884\/revisions\/33891"}],"wp:featuredmedia":[{"embeddable":true,"href":"https:\/\/todoapulmon-rafaela.com\/index.php\/wp-json\/wp\/v2\/media\/33889"}],"wp:attachment":[{"href":"https:\/\/todoapulmon-rafaela.com\/index.php\/wp-json\/wp\/v2\/media?parent=33884"}],"wp:term":[{"taxonomy":"category","embeddable":true,"href":"https:\/\/todoapulmon-rafaela.com\/index.php\/wp-json\/wp\/v2\/categories?post=33884"},{"taxonomy":"post_tag","embeddable":true,"href":"https:\/\/todoapulmon-rafaela.com\/index.php\/wp-json\/wp\/v2\/tags?post=33884"}],"curies":[{"name":"wp","href":"https:\/\/api.w.org\/{rel}","templated":true}]}}