{"id":33829,"date":"2022-08-31T15:05:59","date_gmt":"2022-08-31T15:05:59","guid":{"rendered":"https:\/\/todoapulmon-rafaela.com\/?p=33829"},"modified":"2022-08-31T15:05:59","modified_gmt":"2022-08-31T15:05:59","slug":"como-sigue-la-copa-santa-fe-de-voley-que-juega-almagro","status":"publish","type":"post","link":"https:\/\/todoapulmon-rafaela.com\/index.php\/2022\/08\/31\/como-sigue-la-copa-santa-fe-de-voley-que-juega-almagro\/","title":{"rendered":"\u00bfC\u00f3mo sigue la Copa Santa Fe de voley que juega Almagro?"},"content":{"rendered":"<p>En la Copa Santa Fe de Voley llega la etapa Interregional. Ser\u00e1 el domingo 4 de septiembre y en la rama femenina, la cual est\u00e1 participando Almagro de nuestra ciudad, jugar\u00e1n en 8 triangulares (4 de la Zona Norte y 4<br \/>\nde la Zona Sur). Clasificar\u00e1n a la segunda etapa 18 equipos: 9 de cada Zona (los 2 primeros de cada triangular y el<br \/>\nmejor de los 4 terceros).<\/p>\n<p>El equipo de calle Garibaldi se estar\u00e1 presentando en Ceres, para medirse en el triangular con Central Argentino de esa ciudad y con Banco Provincial de Santa Fe.<\/p>\n<p>La Federaci\u00f3n Santafesina y Asociaci\u00f3n Santafesina informaron el detalle de la distribuci\u00f3n de los equipos:<\/p>\n<p><img loading=\"lazy\" decoding=\"async\" class=\"alignnone size-full wp-image-33830\" src=\"https:\/\/todoapulmon-rafaela.com\/wp-content\/uploads\/2022\/08\/Screenshot_20220831-115932_Samsung_Notes1.jpg\" alt=\"\" width=\"720\" height=\"223\" srcset=\"https:\/\/todoapulmon-rafaela.com\/wp-content\/uploads\/2022\/08\/Screenshot_20220831-115932_Samsung_Notes1.jpg 720w, https:\/\/todoapulmon-rafaela.com\/wp-content\/uploads\/2022\/08\/Screenshot_20220831-115932_Samsung_Notes1-300x93.jpg 300w\" sizes=\"(max-width: 720px) 100vw, 720px\" \/><\/p>\n<p>Los horarios:<\/p>\n<p>CANCHA CLUB CENTRAL CERES<br \/>\nHORA RAMA ZONA PARTIDO<br \/>\n10.00 FEM C CENTRAL CERES vs. ALMAGRO RAFAELA<br \/>\n14.00 FEM C BANCO PCIAL SF\u00a0 vs. ALMAGRO RAFAELA<br \/>\n17.00 FEM C CENTRAL CERES vs. BANCO PCIAL STA FE<\/p>\n<p>2\u00b0 ETAPA INTERREGIONAL<\/p>\n<p>Se jugar\u00e1 el domingo 2 de octubre. La jugar\u00e1n los 18 equipos que siguen en competencia, divididos en 6 triangulares (3 de la Zona Norte y 3 de la Zona Sur). Los 2 primeros de cada triangular (12 equipos) llegar\u00e1n a disputar la Fase Provincial.<\/p>\n","protected":false},"excerpt":{"rendered":"<p>En la Copa Santa Fe de Voley llega la etapa Interregional. Ser\u00e1 el domingo 4 de septiembre y en la<\/p>\n","protected":false},"author":2,"featured_media":33654,"comment_status":"open","ping_status":"open","sticky":false,"template":"","format":"standard","meta":{"footnotes":""},"categories":[24,16],"tags":[],"class_list":["post-33829","post","type-post","status-publish","format-standard","has-post-thumbnail","hentry","category-noticias-destacadas","category-voley"],"cc_featured_image_caption":{"caption_text":"Almagro jugar\u00e1 la primera etapa interregional el domingo en Ceres.","source_text":"","source_url":""},"_links":{"self":[{"href":"https:\/\/todoapulmon-rafaela.com\/index.php\/wp-json\/wp\/v2\/posts\/33829"}],"collection":[{"href":"https:\/\/todoapulmon-rafaela.com\/index.php\/wp-json\/wp\/v2\/posts"}],"about":[{"href":"https:\/\/todoapulmon-rafaela.com\/index.php\/wp-json\/wp\/v2\/types\/post"}],"author":[{"embeddable":true,"href":"https:\/\/todoapulmon-rafaela.com\/index.php\/wp-json\/wp\/v2\/users\/2"}],"replies":[{"embeddable":true,"href":"https:\/\/todoapulmon-rafaela.com\/index.php\/wp-json\/wp\/v2\/comments?post=33829"}],"version-history":[{"count":1,"href":"https:\/\/todoapulmon-rafaela.com\/index.php\/wp-json\/wp\/v2\/posts\/33829\/revisions"}],"predecessor-version":[{"id":33831,"href":"https:\/\/todoapulmon-rafaela.com\/index.php\/wp-json\/wp\/v2\/posts\/33829\/revisions\/33831"}],"wp:featuredmedia":[{"embeddable":true,"href":"https:\/\/todoapulmon-rafaela.com\/index.php\/wp-json\/wp\/v2\/media\/33654"}],"wp:attachment":[{"href":"https:\/\/todoapulmon-rafaela.com\/index.php\/wp-json\/wp\/v2\/media?parent=33829"}],"wp:term":[{"taxonomy":"category","embeddable":true,"href":"https:\/\/todoapulmon-rafaela.com\/index.php\/wp-json\/wp\/v2\/categories?post=33829"},{"taxonomy":"post_tag","embeddable":true,"href":"https:\/\/todoapulmon-rafaela.com\/index.php\/wp-json\/wp\/v2\/tags?post=33829"}],"curies":[{"name":"wp","href":"https:\/\/api.w.org\/{rel}","templated":true}]}}