{"id":33777,"date":"2022-08-29T12:38:35","date_gmt":"2022-08-29T12:38:35","guid":{"rendered":"https:\/\/todoapulmon-rafaela.com\/?p=33777"},"modified":"2022-08-29T12:39:49","modified_gmt":"2022-08-29T12:39:49","slug":"sin-medallas-rafaelinas-en-el-cierre-del-argentino-u23","status":"publish","type":"post","link":"https:\/\/todoapulmon-rafaela.com\/index.php\/2022\/08\/29\/sin-medallas-rafaelinas-en-el-cierre-del-argentino-u23\/","title":{"rendered":"Sin medallas rafaelinas en el cierre del Argentino U23"},"content":{"rendered":"<p>La jornada final en el 18\u00b0 Campeonato Nacional u23 en la pista Eric Barney de Posadas (Misiones) tuvo un fuerte viento y, aunque era a favor en la recta principal, influ\u00eda bastante en todas las actuaciones. No pudieron darse medallas para los atletas de nuestra ciudad el d\u00eda domingo.<\/p>\n<p>Virginia Abb\u00e1 fue la mejor posicionada en el cuarto puesto de la prueba de lanzamiento de martillo con una marca de 38m26. En la misma especialidad, pero en varones, Valent\u00edn Menossi culmin\u00f3 sexto con su mejor lanzamiento en el torneo de 53m38.<\/p>\n<p>Otra de las representantes de CRAS, Abril Okon, fue quinta en el heptatlon con 3.864 puntos.<\/p>\n<p>Mientras que Pedro Emmert fue quinto en 800 metros con una marca e 1m56s93. Recordemos que Emmert fue medalla de plata en los 400 metros llanos el s\u00e1bado registrando 48s05.<\/p>\n<p>El mismo d\u00eda, St\u00e9fano Serafin ocup\u00f3 el noveno puesto en salto en largo con 6m58s<\/p>\n","protected":false},"excerpt":{"rendered":"<p>La jornada final en el 18\u00b0 Campeonato Nacional u23 en la pista Eric Barney de Posadas (Misiones) tuvo un fuerte<\/p>\n","protected":false},"author":2,"featured_media":33780,"comment_status":"open","ping_status":"open","sticky":false,"template":"","format":"standard","meta":{"footnotes":""},"categories":[7],"tags":[],"class_list":["post-33777","post","type-post","status-publish","format-standard","has-post-thumbnail","hentry","category-atletismo"],"cc_featured_image_caption":{"caption_text":"Falchetti y Emmert, el s\u00e1bado en la llegada de los 400 metros. (Foto CADA, Sebasti\u00e1n Lasquera).","source_text":"","source_url":""},"_links":{"self":[{"href":"https:\/\/todoapulmon-rafaela.com\/index.php\/wp-json\/wp\/v2\/posts\/33777"}],"collection":[{"href":"https:\/\/todoapulmon-rafaela.com\/index.php\/wp-json\/wp\/v2\/posts"}],"about":[{"href":"https:\/\/todoapulmon-rafaela.com\/index.php\/wp-json\/wp\/v2\/types\/post"}],"author":[{"embeddable":true,"href":"https:\/\/todoapulmon-rafaela.com\/index.php\/wp-json\/wp\/v2\/users\/2"}],"replies":[{"embeddable":true,"href":"https:\/\/todoapulmon-rafaela.com\/index.php\/wp-json\/wp\/v2\/comments?post=33777"}],"version-history":[{"count":1,"href":"https:\/\/todoapulmon-rafaela.com\/index.php\/wp-json\/wp\/v2\/posts\/33777\/revisions"}],"predecessor-version":[{"id":33779,"href":"https:\/\/todoapulmon-rafaela.com\/index.php\/wp-json\/wp\/v2\/posts\/33777\/revisions\/33779"}],"wp:featuredmedia":[{"embeddable":true,"href":"https:\/\/todoapulmon-rafaela.com\/index.php\/wp-json\/wp\/v2\/media\/33780"}],"wp:attachment":[{"href":"https:\/\/todoapulmon-rafaela.com\/index.php\/wp-json\/wp\/v2\/media?parent=33777"}],"wp:term":[{"taxonomy":"category","embeddable":true,"href":"https:\/\/todoapulmon-rafaela.com\/index.php\/wp-json\/wp\/v2\/categories?post=33777"},{"taxonomy":"post_tag","embeddable":true,"href":"https:\/\/todoapulmon-rafaela.com\/index.php\/wp-json\/wp\/v2\/tags?post=33777"}],"curies":[{"name":"wp","href":"https:\/\/api.w.org\/{rel}","templated":true}]}}