{"id":3374,"date":"2016-10-29T00:31:39","date_gmt":"2016-10-29T00:31:39","guid":{"rendered":"http:\/\/todoapulmon-rafaela.com\/?p=3374"},"modified":"2016-10-29T00:31:39","modified_gmt":"2016-10-29T00:31:39","slug":"atletico-se-puso-en-marcha-para-la-liga-provincial","status":"publish","type":"post","link":"https:\/\/todoapulmon-rafaela.com\/index.php\/2016\/10\/29\/atletico-se-puso-en-marcha-para-la-liga-provincial\/","title":{"rendered":"Atl\u00e9tico se puso en marcha para la Liga Provincial"},"content":{"rendered":"<p>Con la incorporaci\u00f3n de tres jugadores que se suman al plantel que participa del torneo Oficial de la Asociaci\u00f3n Rafaelina, Atl\u00e9tico de Rafaela comenz\u00f3 anoche su preparaci\u00f3n para la Liga Provincial de b\u00e1squet que comenzar\u00e1 el fin de semana del 17 al 20 de noviembre.<\/p>\n<p>El cuerpo t\u00e9cnico encabezado por Gerardo Velazco sum\u00f3 para este torneo al conocido Nicol\u00e1s Fior, pivot que regresa tras haber dejado una buena impresi\u00f3n en el torneo pasado; al base Emanuel Primo que viene de militar en 9 de Julio Ol\u00edmpico de Freyre, y al alero Hern\u00e1n Del Pino, con una dilatada trayectoria en los torneos Federativos y que estuvo jugando en Rivadavia Juniors de Santa Fe.<\/p>\n<p>El entrenador celeste destac\u00f3 que \u00abel objetivo es buscar repetir la buena campa\u00f1a del torneo pasado e intentar mejorarla. Estamos con muchas ganas y expectativas, arrancamos con plantel completo y esperamos ahora que los jugadores que se suman puedan ensamblarse lo mas rapido posible a la base que venimos teniendo en el torneo local\u00bb.<\/p>\n<p>En cuanto al desaf\u00edo personal, Velazco expres\u00f3 que \u00abla verdad me toma medio de sorpresa, sinceramente con lo que hab\u00eda pasado no me lo esperaba. Pero con las mejores ganas, entrenando lo m\u00e1s fuerte que se pueda. S\u00e9 que tengo mucho por mejorar y aprender. Seguramente esta Liga me va a servir para aprender mucho, pero siempre de la mejor forma. Con la cabeza en alto y d\u00e1ndole para adelante\u00bb. Este es el audio de la nota completa con el entrenador:<\/p>\n<!--[if lt IE 9]><script>document.createElement('audio');<\/script><![endif]-->\n<audio class=\"wp-audio-shortcode\" id=\"audio-3374-1\" preload=\"none\" style=\"width: 100%;\" controls=\"controls\"><source type=\"audio\/mpeg\" src=\"http:\/\/todoapulmon-rafaela.com\/wp-content\/uploads\/2016\/10\/Nota_de_voz_020_sd1.m4a?_=1\" \/><a href=\"http:\/\/todoapulmon-rafaela.com\/wp-content\/uploads\/2016\/10\/Nota_de_voz_020_sd1.m4a\">http:\/\/todoapulmon-rafaela.com\/wp-content\/uploads\/2016\/10\/Nota_de_voz_020_sd1.m4a<\/a><\/audio>\n","protected":false},"excerpt":{"rendered":"<p>Con la incorporaci\u00f3n de tres jugadores que se suman al plantel que participa del torneo Oficial de la Asociaci\u00f3n Rafaelina,<\/p>\n","protected":false},"author":2,"featured_media":3375,"comment_status":"open","ping_status":"open","sticky":false,"template":"","format":"standard","meta":{"footnotes":""},"categories":[5,24],"tags":[],"class_list":["post-3374","post","type-post","status-publish","format-standard","has-post-thumbnail","hentry","category-basquet","category-noticias-destacadas"],"cc_featured_image_caption":{"caption_text":"Emanuel Primo, Nicol\u00e1s Fior y Hern\u00e1n Del Pino comenzaron anoche los entrenamientos junto al resto del plantel.","source_text":"","source_url":""},"_links":{"self":[{"href":"https:\/\/todoapulmon-rafaela.com\/index.php\/wp-json\/wp\/v2\/posts\/3374"}],"collection":[{"href":"https:\/\/todoapulmon-rafaela.com\/index.php\/wp-json\/wp\/v2\/posts"}],"about":[{"href":"https:\/\/todoapulmon-rafaela.com\/index.php\/wp-json\/wp\/v2\/types\/post"}],"author":[{"embeddable":true,"href":"https:\/\/todoapulmon-rafaela.com\/index.php\/wp-json\/wp\/v2\/users\/2"}],"replies":[{"embeddable":true,"href":"https:\/\/todoapulmon-rafaela.com\/index.php\/wp-json\/wp\/v2\/comments?post=3374"}],"version-history":[{"count":1,"href":"https:\/\/todoapulmon-rafaela.com\/index.php\/wp-json\/wp\/v2\/posts\/3374\/revisions"}],"predecessor-version":[{"id":3377,"href":"https:\/\/todoapulmon-rafaela.com\/index.php\/wp-json\/wp\/v2\/posts\/3374\/revisions\/3377"}],"wp:featuredmedia":[{"embeddable":true,"href":"https:\/\/todoapulmon-rafaela.com\/index.php\/wp-json\/wp\/v2\/media\/3375"}],"wp:attachment":[{"href":"https:\/\/todoapulmon-rafaela.com\/index.php\/wp-json\/wp\/v2\/media?parent=3374"}],"wp:term":[{"taxonomy":"category","embeddable":true,"href":"https:\/\/todoapulmon-rafaela.com\/index.php\/wp-json\/wp\/v2\/categories?post=3374"},{"taxonomy":"post_tag","embeddable":true,"href":"https:\/\/todoapulmon-rafaela.com\/index.php\/wp-json\/wp\/v2\/tags?post=3374"}],"curies":[{"name":"wp","href":"https:\/\/api.w.org\/{rel}","templated":true}]}}