{"id":3371,"date":"2016-10-28T21:52:27","date_gmt":"2016-10-28T21:52:27","guid":{"rendered":"http:\/\/todoapulmon-rafaela.com\/?p=3371"},"modified":"2016-10-28T21:55:14","modified_gmt":"2016-10-28T21:55:14","slug":"el-turno-de-la-copa-de-mayores","status":"publish","type":"post","link":"https:\/\/todoapulmon-rafaela.com\/index.php\/2016\/10\/28\/el-turno-de-la-copa-de-mayores\/","title":{"rendered":"El turno de la Copa de Mayores"},"content":{"rendered":"<p>Este s\u00e1bado 29 y domingo 30 de octubre en el CENARD, en Buenos Aires, se desarrollar\u00e1 la 26\u00aa Copa Nacional de mayores de atletismo, con la participaci\u00f3n de instituciones de todo el pa\u00eds.<\/p>\n<p>All\u00ed estar\u00e1 presente el equipo del Centro de Educaci\u00f3n F\u00edsica N\u00ba 53 con los siguientes atletas: Roc\u00edo Donnet en 400 metros llanos y 400 metros con vallas; Celina Harte en salto en alto; Gabriel Fernandez en 400 llanos y 400 metros con vallas; Pablo Pereyra en lanzamiento del disco; H\u00e9ctor Heit en 100, 200 metros y salto en largo y Gonzalo Mena en 1.500 y 5.000 metros.<\/p>\n<p>&nbsp;<\/p>\n","protected":false},"excerpt":{"rendered":"<p>Este s\u00e1bado 29 y domingo 30 de octubre en el CENARD, en Buenos Aires, se desarrollar\u00e1 la 26\u00aa Copa Nacional<\/p>\n","protected":false},"author":2,"featured_media":3373,"comment_status":"open","ping_status":"open","sticky":false,"template":"","format":"standard","meta":{"footnotes":""},"categories":[7,24],"tags":[],"class_list":["post-3371","post","type-post","status-publish","format-standard","has-post-thumbnail","hentry","category-atletismo","category-noticias-destacadas"],"cc_featured_image_caption":{"caption_text":"Parte de este grupo estar\u00e1 compitiendo el fin de semana en el CENARD.","source_text":"","source_url":""},"_links":{"self":[{"href":"https:\/\/todoapulmon-rafaela.com\/index.php\/wp-json\/wp\/v2\/posts\/3371"}],"collection":[{"href":"https:\/\/todoapulmon-rafaela.com\/index.php\/wp-json\/wp\/v2\/posts"}],"about":[{"href":"https:\/\/todoapulmon-rafaela.com\/index.php\/wp-json\/wp\/v2\/types\/post"}],"author":[{"embeddable":true,"href":"https:\/\/todoapulmon-rafaela.com\/index.php\/wp-json\/wp\/v2\/users\/2"}],"replies":[{"embeddable":true,"href":"https:\/\/todoapulmon-rafaela.com\/index.php\/wp-json\/wp\/v2\/comments?post=3371"}],"version-history":[{"count":1,"href":"https:\/\/todoapulmon-rafaela.com\/index.php\/wp-json\/wp\/v2\/posts\/3371\/revisions"}],"predecessor-version":[{"id":3372,"href":"https:\/\/todoapulmon-rafaela.com\/index.php\/wp-json\/wp\/v2\/posts\/3371\/revisions\/3372"}],"wp:featuredmedia":[{"embeddable":true,"href":"https:\/\/todoapulmon-rafaela.com\/index.php\/wp-json\/wp\/v2\/media\/3373"}],"wp:attachment":[{"href":"https:\/\/todoapulmon-rafaela.com\/index.php\/wp-json\/wp\/v2\/media?parent=3371"}],"wp:term":[{"taxonomy":"category","embeddable":true,"href":"https:\/\/todoapulmon-rafaela.com\/index.php\/wp-json\/wp\/v2\/categories?post=3371"},{"taxonomy":"post_tag","embeddable":true,"href":"https:\/\/todoapulmon-rafaela.com\/index.php\/wp-json\/wp\/v2\/tags?post=3371"}],"curies":[{"name":"wp","href":"https:\/\/api.w.org\/{rel}","templated":true}]}}