{"id":33695,"date":"2022-08-25T22:04:20","date_gmt":"2022-08-25T22:04:20","guid":{"rendered":"https:\/\/todoapulmon-rafaela.com\/?p=33695"},"modified":"2022-08-25T22:04:20","modified_gmt":"2022-08-25T22:04:20","slug":"ben-hur-y-libertad-en-la-copa-santa-fe-femenina","status":"publish","type":"post","link":"https:\/\/todoapulmon-rafaela.com\/index.php\/2022\/08\/25\/ben-hur-y-libertad-en-la-copa-santa-fe-femenina\/","title":{"rendered":"Ben Hur y Libertad en la Copa Santa Fe Femenina"},"content":{"rendered":"<p>Se cerr\u00f3 el plazo de inscripciones para la disputa de la Copa Santa Fe 2022 femenina y ser\u00e1n doce los equipos participantes, con dos de la Asociaci\u00f3n Rafaelina. Uno ser\u00e1 Ben Hur, actual campe\u00f3n defensor del torneo que ir\u00e1 por la defensa del t\u00edtulo, y tambi\u00e9n se sumar\u00e1 Libertad de Sunchales que regresa a la competencia.<\/p>\n<p>Recordemos que las Lobas tienen nuevamente como entrenador a Cristian Losano, con quien obtuvieran el t\u00edtulo en marzo pasado. La fecha de inicio est\u00e1 prevista para el 15 de septiembre.<\/p>\n<p><img loading=\"lazy\" decoding=\"async\" class=\"alignnone size-full wp-image-33696\" src=\"https:\/\/todoapulmon-rafaela.com\/wp-content\/uploads\/2022\/08\/placa-fem.jpg\" alt=\"\" width=\"1080\" height=\"1080\" srcset=\"https:\/\/todoapulmon-rafaela.com\/wp-content\/uploads\/2022\/08\/placa-fem.jpg 1080w, https:\/\/todoapulmon-rafaela.com\/wp-content\/uploads\/2022\/08\/placa-fem-300x300.jpg 300w, https:\/\/todoapulmon-rafaela.com\/wp-content\/uploads\/2022\/08\/placa-fem-150x150.jpg 150w\" sizes=\"(max-width: 1080px) 100vw, 1080px\" \/><\/p>\n","protected":false},"excerpt":{"rendered":"<p>Se cerr\u00f3 el plazo de inscripciones para la disputa de la Copa Santa Fe 2022 femenina y ser\u00e1n doce los<\/p>\n","protected":false},"author":2,"featured_media":33697,"comment_status":"open","ping_status":"open","sticky":false,"template":"","format":"standard","meta":{"footnotes":""},"categories":[5],"tags":[],"class_list":["post-33695","post","type-post","status-publish","format-standard","has-post-thumbnail","hentry","category-basquet"],"cc_featured_image_caption":{"caption_text":"Ben Hur ir\u00e1 por la defensa del t\u00edtulo.","source_text":"","source_url":""},"_links":{"self":[{"href":"https:\/\/todoapulmon-rafaela.com\/index.php\/wp-json\/wp\/v2\/posts\/33695"}],"collection":[{"href":"https:\/\/todoapulmon-rafaela.com\/index.php\/wp-json\/wp\/v2\/posts"}],"about":[{"href":"https:\/\/todoapulmon-rafaela.com\/index.php\/wp-json\/wp\/v2\/types\/post"}],"author":[{"embeddable":true,"href":"https:\/\/todoapulmon-rafaela.com\/index.php\/wp-json\/wp\/v2\/users\/2"}],"replies":[{"embeddable":true,"href":"https:\/\/todoapulmon-rafaela.com\/index.php\/wp-json\/wp\/v2\/comments?post=33695"}],"version-history":[{"count":1,"href":"https:\/\/todoapulmon-rafaela.com\/index.php\/wp-json\/wp\/v2\/posts\/33695\/revisions"}],"predecessor-version":[{"id":33698,"href":"https:\/\/todoapulmon-rafaela.com\/index.php\/wp-json\/wp\/v2\/posts\/33695\/revisions\/33698"}],"wp:featuredmedia":[{"embeddable":true,"href":"https:\/\/todoapulmon-rafaela.com\/index.php\/wp-json\/wp\/v2\/media\/33697"}],"wp:attachment":[{"href":"https:\/\/todoapulmon-rafaela.com\/index.php\/wp-json\/wp\/v2\/media?parent=33695"}],"wp:term":[{"taxonomy":"category","embeddable":true,"href":"https:\/\/todoapulmon-rafaela.com\/index.php\/wp-json\/wp\/v2\/categories?post=33695"},{"taxonomy":"post_tag","embeddable":true,"href":"https:\/\/todoapulmon-rafaela.com\/index.php\/wp-json\/wp\/v2\/tags?post=33695"}],"curies":[{"name":"wp","href":"https:\/\/api.w.org\/{rel}","templated":true}]}}