{"id":33681,"date":"2022-08-25T17:16:57","date_gmt":"2022-08-25T17:16:57","guid":{"rendered":"https:\/\/todoapulmon-rafaela.com\/?p=33681"},"modified":"2022-08-25T17:42:52","modified_gmt":"2022-08-25T17:42:52","slug":"presencias-rafaelinas-en-el-nacional-u23","status":"publish","type":"post","link":"https:\/\/todoapulmon-rafaela.com\/index.php\/2022\/08\/25\/presencias-rafaelinas-en-el-nacional-u23\/","title":{"rendered":"Presencias rafaelinas en el Nacional U23"},"content":{"rendered":"<p>Durante el fin de semana se desarrollar\u00e1 en Posadas, Misiones, el Campeonato Argentino de Atletismo U23. El mismo ser\u00e1 Evaluativo final para el Campeonato Sudamericano de la categor\u00eda, a realizarse del 30 de septiembre al 2 de octubre de 2022, en la ciudad de Cascabel, Brasil.<\/p>\n<p>Como es habitual, nuestra ciudad tendr\u00e1 representaci\u00f3n en el equipo provincial para este certamen. Del CRAS estar\u00e1n viajando cuatro atletas entrenados por el profesor Leandro Bonamino. Se trata de los lanzadores de martillo Valent\u00edn Menossi y Virginia Abb\u00e1, de St\u00e9fano Seraf\u00edn en la prueba de salto en largo, y de Abril Okon, que har\u00e1 el h\u00e9ptatlon.<\/p>\n<p>Adem\u00e1s, tambi\u00e9n competir\u00e1 Pedro Emmert, que entrena en Buenos Aires y viene de realizar un per\u00edodo de preparaci\u00f3n en altura con competencia en Colombia, en los 400 y 800 metros llanos, m\u00e1s posiblemente postas.<\/p>\n<p>De acuerdo al programa horario, el s\u00e1bado a las 10 ser\u00e1 la final de salto en largo de varones; a las 12.20 son las series de 400 masculinas y la final a las 17.15.<\/p>\n<p>Las finales de lanzamiento de martillo son el domingo a la ma\u00f1ana, a las 9 en mujeres y a las 11 en varones. La final de 800 llanos es el domingo a las 15.<\/p>\n<p>El h\u00e9ptatlon tendr\u00e1 cuatro pruebas el s\u00e1bado: 100 m. con vallas, salto en alto, lanzamiento de bala y 200 m llanos. Y las otras tres el domingo: salto en largo, lanzamiento de jabalina y 800 m. llanos.<\/p>\n","protected":false},"excerpt":{"rendered":"<p>Durante el fin de semana se desarrollar\u00e1 en Posadas, Misiones, el Campeonato Argentino de Atletismo U23. El mismo ser\u00e1 Evaluativo<\/p>\n","protected":false},"author":2,"featured_media":33686,"comment_status":"open","ping_status":"open","sticky":false,"template":"","format":"standard","meta":{"footnotes":""},"categories":[7,24],"tags":[],"class_list":["post-33681","post","type-post","status-publish","format-standard","has-post-thumbnail","hentry","category-atletismo","category-noticias-destacadas"],"cc_featured_image_caption":{"caption_text":"Virginia Abba junto al entrenador Leandro Bonamino.","source_text":"","source_url":""},"_links":{"self":[{"href":"https:\/\/todoapulmon-rafaela.com\/index.php\/wp-json\/wp\/v2\/posts\/33681"}],"collection":[{"href":"https:\/\/todoapulmon-rafaela.com\/index.php\/wp-json\/wp\/v2\/posts"}],"about":[{"href":"https:\/\/todoapulmon-rafaela.com\/index.php\/wp-json\/wp\/v2\/types\/post"}],"author":[{"embeddable":true,"href":"https:\/\/todoapulmon-rafaela.com\/index.php\/wp-json\/wp\/v2\/users\/2"}],"replies":[{"embeddable":true,"href":"https:\/\/todoapulmon-rafaela.com\/index.php\/wp-json\/wp\/v2\/comments?post=33681"}],"version-history":[{"count":3,"href":"https:\/\/todoapulmon-rafaela.com\/index.php\/wp-json\/wp\/v2\/posts\/33681\/revisions"}],"predecessor-version":[{"id":33687,"href":"https:\/\/todoapulmon-rafaela.com\/index.php\/wp-json\/wp\/v2\/posts\/33681\/revisions\/33687"}],"wp:featuredmedia":[{"embeddable":true,"href":"https:\/\/todoapulmon-rafaela.com\/index.php\/wp-json\/wp\/v2\/media\/33686"}],"wp:attachment":[{"href":"https:\/\/todoapulmon-rafaela.com\/index.php\/wp-json\/wp\/v2\/media?parent=33681"}],"wp:term":[{"taxonomy":"category","embeddable":true,"href":"https:\/\/todoapulmon-rafaela.com\/index.php\/wp-json\/wp\/v2\/categories?post=33681"},{"taxonomy":"post_tag","embeddable":true,"href":"https:\/\/todoapulmon-rafaela.com\/index.php\/wp-json\/wp\/v2\/tags?post=33681"}],"curies":[{"name":"wp","href":"https:\/\/api.w.org\/{rel}","templated":true}]}}