{"id":3368,"date":"2016-10-28T19:22:39","date_gmt":"2016-10-28T19:22:39","guid":{"rendered":"http:\/\/todoapulmon-rafaela.com\/?p=3368"},"modified":"2016-10-28T19:22:39","modified_gmt":"2016-10-28T19:22:39","slug":"otro-fin-de-semana-con-mucho-voley","status":"publish","type":"post","link":"https:\/\/todoapulmon-rafaela.com\/index.php\/2016\/10\/28\/otro-fin-de-semana-con-mucho-voley\/","title":{"rendered":"Otro fin de semana con mucho voley"},"content":{"rendered":"<p>Este fin de semana nuevamente habr\u00e1 varias propuestas en materia de voley con la actividad local.<br \/>\nArranca otro fecha del torneo de la Asociaci\u00f3n Rafaelina con la categor\u00eda sub 13. Ser\u00e1 en el Club Brown de San Vicente este s\u00e1bado 29 donde se jugar\u00e1 el tercer Grand Prix del torneo clausura.<br \/>\nEl mismo se dividir\u00e1 en tres zonas, con inicio a las 9hs. En la Zona A estar\u00e1n Uni\u00f3n Cultural y Deportiva San Guillermo A, Club Central Argentino Ol\u00edmpico de Ceres, Club Atl\u00e9tico Uni\u00f3n A y Club Atl\u00e9tico Uni\u00f3n B. En la Zona B Uni\u00f3n Cultural y Deportiva San GuillermoB, Club Atl\u00e9tico Brown de San Vicente, Club Atl\u00e9tico de Rafaela A y Club Sportivo Santa Clara .<br \/>\nEn tanto, en la Zona C estar\u00e1n Deportivo Libertad A, Club Atl\u00e9tico Almagro, Club Deportivo Libertad B y Club Atl\u00e9tico de Rafaela B. Los \u00e1rbitros designados de la ARV \u00abVG\u00bb son Antonela Farias, Antonella Hernandez y Nadin Toani.<br \/>\n<strong>MASCULINO SUB 23<\/strong><br \/>\nTambi\u00e9n el s\u00e1bado, a las 9, la rama masculina de la categor\u00eda sub 23 jugar\u00e1 por el torneo Interliga. Ser\u00e1 en el club Atl\u00e9tico Pilar donde se diputar\u00e1 el Grand Prix con la presencia de 9 de Julio de Rafaela junto a J.U.Ca\u00f1ada Rosquin, Club Atl\u00e9tico Pilar, Humboldt Voley Club, Club El Expreso de El Tr\u00e9bol y Uni\u00f3n de Sunchales. Los \u00e1rblitros designados son Fernando Cardozo y Sof\u00eda Quintana.<\/p>\n<p>Tambi\u00e9n por la Interliga, cabe recordar que Almagro jugar\u00e1 la revancha de los play offs de primera divisi\u00f3n el domingo en San Guillermo ante el local Uni\u00f3n.<br \/>\nMINIVOLEY<br \/>\nLa actividad se desarrollar\u00e1 el domingo desde las 10 en el Club Argentino de Vila.<\/p>\n","protected":false},"excerpt":{"rendered":"<p>Este fin de semana nuevamente habr\u00e1 varias propuestas en materia de voley con la actividad local. Arranca otro fecha del<\/p>\n","protected":false},"author":2,"featured_media":3369,"comment_status":"open","ping_status":"open","sticky":false,"template":"","format":"standard","meta":{"footnotes":""},"categories":[16],"tags":[],"class_list":["post-3368","post","type-post","status-publish","format-standard","has-post-thumbnail","hentry","category-voley"],"cc_featured_image_caption":{"caption_text":"El Sub 23 de 9 de Julio estar\u00e1 en otro Grand Prix de la Interliga.","source_text":"","source_url":""},"_links":{"self":[{"href":"https:\/\/todoapulmon-rafaela.com\/index.php\/wp-json\/wp\/v2\/posts\/3368"}],"collection":[{"href":"https:\/\/todoapulmon-rafaela.com\/index.php\/wp-json\/wp\/v2\/posts"}],"about":[{"href":"https:\/\/todoapulmon-rafaela.com\/index.php\/wp-json\/wp\/v2\/types\/post"}],"author":[{"embeddable":true,"href":"https:\/\/todoapulmon-rafaela.com\/index.php\/wp-json\/wp\/v2\/users\/2"}],"replies":[{"embeddable":true,"href":"https:\/\/todoapulmon-rafaela.com\/index.php\/wp-json\/wp\/v2\/comments?post=3368"}],"version-history":[{"count":1,"href":"https:\/\/todoapulmon-rafaela.com\/index.php\/wp-json\/wp\/v2\/posts\/3368\/revisions"}],"predecessor-version":[{"id":3370,"href":"https:\/\/todoapulmon-rafaela.com\/index.php\/wp-json\/wp\/v2\/posts\/3368\/revisions\/3370"}],"wp:featuredmedia":[{"embeddable":true,"href":"https:\/\/todoapulmon-rafaela.com\/index.php\/wp-json\/wp\/v2\/media\/3369"}],"wp:attachment":[{"href":"https:\/\/todoapulmon-rafaela.com\/index.php\/wp-json\/wp\/v2\/media?parent=3368"}],"wp:term":[{"taxonomy":"category","embeddable":true,"href":"https:\/\/todoapulmon-rafaela.com\/index.php\/wp-json\/wp\/v2\/categories?post=3368"},{"taxonomy":"post_tag","embeddable":true,"href":"https:\/\/todoapulmon-rafaela.com\/index.php\/wp-json\/wp\/v2\/tags?post=3368"}],"curies":[{"name":"wp","href":"https:\/\/api.w.org\/{rel}","templated":true}]}}