{"id":33672,"date":"2022-08-24T22:35:59","date_gmt":"2022-08-24T22:35:59","guid":{"rendered":"https:\/\/todoapulmon-rafaela.com\/?p=33672"},"modified":"2022-08-24T22:35:59","modified_gmt":"2022-08-24T22:35:59","slug":"vivas-entre-los-23-para-el-partido-contra-los-all-blacks","status":"publish","type":"post","link":"https:\/\/todoapulmon-rafaela.com\/index.php\/2022\/08\/24\/vivas-entre-los-23-para-el-partido-contra-los-all-blacks\/","title":{"rendered":"Vivas entre los 23 para el partido contra los All Blacks"},"content":{"rendered":"<p>Por la\u00a0tercera fecha\u00a0del\u00a0Rugby Championship 2022,\u00a0Los Pumas\u00a0tendr\u00e1n una dif\u00edcil parada en\u00a0Christchurch\u00a0cuando tengan que verse las caras con\u00a0Nueva Zelanda.\u00a0El entrenador australiano del equipo argentino, Michael Cheika, confirm\u00f3 el XV con tres modificaciones en relaci\u00f3n al equipo que gole\u00f3 a los Wallabies. El encuentro ser\u00e1 este\u00a0s\u00e1bado, desde las 4:45hs (hora de nuestro pa\u00eds) por la 3\u00aa fecha del Rugby Championship, torneo que tiene al seleccionado argentino en el primer lugar (por diferencia de tantos).<br \/>\nEn el pack de forwards, Joel Sclavi\u00a0jugar\u00e1 como pilar derecho en reemplazo de\u00a0Francisco G\u00f3mez Kodela, ausente en la gira por Nueva Zelanda y\u00a0recientemente operado de pubalgia.\u00a0Entre los backs, en tanto, Mat\u00edas Orlando vuelve al XV junto a Lucio Cinti reemplazando a Jer\u00f3nimo de la Fuente (lesionado) y Juan Imhoff, que no viaj\u00f3 a Nueva Zelanda.<br \/>\nEl equipo de Los Pumas para jugar contra los All Blacks ser\u00e1 entonces con: 1. Thomas Gallo, 2. Juli\u00e1n Montoya (C), 3. Joel Sclavi; 4. Mat\u00edas Alemanno 5. Tom\u00e1s Lavanini; 6. Juan Mart\u00edn Gonz\u00e1lez, 7. Marcos Kremer, 8. Pablo Matera; 9. Gonzalo Bertranou, 10. Santiago Carreras; 11. Lucio Cinti, 12. Mat\u00edas Orlando, 13. Mat\u00edas Moroni, 14. Emiliano Boffelli; 15. Juan Cruz Mall\u00eda.<\/p>\n<p>Las novedades en el banco de suplentes pasan por las apariciones de Santiago Socino, Mayco Vivas, Eduardo Bello, Guido Petti, Santiago Grondona y Santiago Cordero. El rafaelino retorna a una convocatoria para la disputa de su 15\u00ba caps.<\/p>\n","protected":false},"excerpt":{"rendered":"<p>Por la\u00a0tercera fecha\u00a0del\u00a0Rugby Championship 2022,\u00a0Los Pumas\u00a0tendr\u00e1n una dif\u00edcil parada en\u00a0Christchurch\u00a0cuando tengan que verse las caras con\u00a0Nueva Zelanda.\u00a0El entrenador australiano del<\/p>\n","protected":false},"author":2,"featured_media":33673,"comment_status":"open","ping_status":"open","sticky":false,"template":"","format":"standard","meta":{"footnotes":""},"categories":[24,2],"tags":[],"class_list":["post-33672","post","type-post","status-publish","format-standard","has-post-thumbnail","hentry","category-noticias-destacadas","category-rugby"],"cc_featured_image_caption":{"caption_text":"","source_text":"","source_url":""},"_links":{"self":[{"href":"https:\/\/todoapulmon-rafaela.com\/index.php\/wp-json\/wp\/v2\/posts\/33672"}],"collection":[{"href":"https:\/\/todoapulmon-rafaela.com\/index.php\/wp-json\/wp\/v2\/posts"}],"about":[{"href":"https:\/\/todoapulmon-rafaela.com\/index.php\/wp-json\/wp\/v2\/types\/post"}],"author":[{"embeddable":true,"href":"https:\/\/todoapulmon-rafaela.com\/index.php\/wp-json\/wp\/v2\/users\/2"}],"replies":[{"embeddable":true,"href":"https:\/\/todoapulmon-rafaela.com\/index.php\/wp-json\/wp\/v2\/comments?post=33672"}],"version-history":[{"count":1,"href":"https:\/\/todoapulmon-rafaela.com\/index.php\/wp-json\/wp\/v2\/posts\/33672\/revisions"}],"predecessor-version":[{"id":33674,"href":"https:\/\/todoapulmon-rafaela.com\/index.php\/wp-json\/wp\/v2\/posts\/33672\/revisions\/33674"}],"wp:featuredmedia":[{"embeddable":true,"href":"https:\/\/todoapulmon-rafaela.com\/index.php\/wp-json\/wp\/v2\/media\/33673"}],"wp:attachment":[{"href":"https:\/\/todoapulmon-rafaela.com\/index.php\/wp-json\/wp\/v2\/media?parent=33672"}],"wp:term":[{"taxonomy":"category","embeddable":true,"href":"https:\/\/todoapulmon-rafaela.com\/index.php\/wp-json\/wp\/v2\/categories?post=33672"},{"taxonomy":"post_tag","embeddable":true,"href":"https:\/\/todoapulmon-rafaela.com\/index.php\/wp-json\/wp\/v2\/tags?post=33672"}],"curies":[{"name":"wp","href":"https:\/\/api.w.org\/{rel}","templated":true}]}}