{"id":33661,"date":"2022-08-24T12:25:17","date_gmt":"2022-08-24T12:25:17","guid":{"rendered":"https:\/\/todoapulmon-rafaela.com\/?p=33661"},"modified":"2022-08-24T12:25:17","modified_gmt":"2022-08-24T12:25:17","slug":"la-programacion-de-la-fosh-para-sabado-y-domingo","status":"publish","type":"post","link":"https:\/\/todoapulmon-rafaela.com\/index.php\/2022\/08\/24\/la-programacion-de-la-fosh-para-sabado-y-domingo\/","title":{"rendered":"La programaci\u00f3n de la FOSH para s\u00e1bado y domingo"},"content":{"rendered":"<p>La Federaci\u00f3n del Oeste Santafesino inform\u00f3 que los s\u00e1bados 27 y domingo 28 de agosto se disputar\u00e1n los partidos correspondientes a la Regi\u00f3n Rafaela, en los campeonatos A1 y A2 en forma parcial, debido a los corrimientos generados por la organizaci\u00f3n del CRC SUB16 Damas que se disput\u00f3 el fin de semana pasado.<br \/>\nLos partidos a disputarse son los siguientes:<\/p>\n<div><b>SABADO 27 DE AGOSTO<\/b><\/div>\n<div>\n<div><\/div>\n<div><b>CANCHA CLUB CHARABONES<\/b><\/div>\n<div>\n<ul>\n<li>11:00 HS DEF. DE FRONTERA vs CHARABONES (SUB14) (PENDIENTE)<\/li>\n<li>12:30 HS DEF. DE FRONTERA vs CHARABONES (SUB16) (PENDIENTE)<\/li>\n<li>14:30 HS CHARABONES vs JUVENTUD UNIDA DE HUMBOLDT (INTERMEDIA)<\/li>\n<li>16:00 HS CHARABONES vs JUVENTUD UNIDA DE HUMBOLDT (PRIMERA)<\/li>\n<\/ul>\n<div><b>DOMINGO 28 DE AGOSTO<\/b><\/div>\n<div><b>\u00a0<\/b><\/div>\n<div><b>CANCHA CRAR<\/b><\/div>\n<\/div>\n<div>\n<ul>\n<li>10:00 HS CRAR vs C. SARMIENTO DE HUMBOLDT (SUB14)<\/li>\n<li>11:30 HS CRAR vs C. SARMIENTO DE HUMBOLDT (SUB16)<\/li>\n<li>13:00 HS CRAR vs C. SARMIENTO DE HUMBOLDT (INTERMEDIA)<\/li>\n<li>14:30 HS CRAR vs C. SARMIENTO DE HUMBOLDT (PRIMERA)<\/li>\n<\/ul>\n<div><b>CANCHA CHARABONES<\/b><\/div>\n<div>\n<ul>\n<li>14:45 HS DEP. LIBERTAD vs C. 9 DE JULIO DE RAFAELA<\/li>\n<li>16:15 HS DEP. LIBERTAD vs C. 9 DE JULIO DE RAFAELA<\/li>\n<\/ul>\n<\/div>\n<div><b>CANCHA C. S. Y D. BRINKMANN<\/b><\/div>\n<\/div>\n<div>\n<ul>\n<li>09:30 SAN GUILLERMO HOCKEY vs C. S. Y D. BRINKMANN (PRIMERA)<\/li>\n<li>11:00 SAN GUILLERMO HOCKEY vs C. S. Y D. BRINKMANN (INTERMEDIA)<\/li>\n<li>12:30 HS C. SPORTIVO SUARDI vs C. S. Y D. BELLA ITALIA (PRIMERA)<\/li>\n<li>14:00 HS C. SPORTIVO SUARDI vs C. S. Y D. BELLA ITALIA (INTERMEDIA).<\/li>\n<\/ul>\n<\/div>\n<\/div>\n","protected":false},"excerpt":{"rendered":"<p>La Federaci\u00f3n del Oeste Santafesino inform\u00f3 que los s\u00e1bados 27 y domingo 28 de agosto se disputar\u00e1n los partidos correspondientes<\/p>\n","protected":false},"author":2,"featured_media":33662,"comment_status":"open","ping_status":"open","sticky":false,"template":"","format":"standard","meta":{"footnotes":""},"categories":[3,24],"tags":[],"class_list":["post-33661","post","type-post","status-publish","format-standard","has-post-thumbnail","hentry","category-hockey","category-noticias-destacadas"],"cc_featured_image_caption":{"caption_text":"","source_text":"","source_url":""},"_links":{"self":[{"href":"https:\/\/todoapulmon-rafaela.com\/index.php\/wp-json\/wp\/v2\/posts\/33661"}],"collection":[{"href":"https:\/\/todoapulmon-rafaela.com\/index.php\/wp-json\/wp\/v2\/posts"}],"about":[{"href":"https:\/\/todoapulmon-rafaela.com\/index.php\/wp-json\/wp\/v2\/types\/post"}],"author":[{"embeddable":true,"href":"https:\/\/todoapulmon-rafaela.com\/index.php\/wp-json\/wp\/v2\/users\/2"}],"replies":[{"embeddable":true,"href":"https:\/\/todoapulmon-rafaela.com\/index.php\/wp-json\/wp\/v2\/comments?post=33661"}],"version-history":[{"count":1,"href":"https:\/\/todoapulmon-rafaela.com\/index.php\/wp-json\/wp\/v2\/posts\/33661\/revisions"}],"predecessor-version":[{"id":33663,"href":"https:\/\/todoapulmon-rafaela.com\/index.php\/wp-json\/wp\/v2\/posts\/33661\/revisions\/33663"}],"wp:featuredmedia":[{"embeddable":true,"href":"https:\/\/todoapulmon-rafaela.com\/index.php\/wp-json\/wp\/v2\/media\/33662"}],"wp:attachment":[{"href":"https:\/\/todoapulmon-rafaela.com\/index.php\/wp-json\/wp\/v2\/media?parent=33661"}],"wp:term":[{"taxonomy":"category","embeddable":true,"href":"https:\/\/todoapulmon-rafaela.com\/index.php\/wp-json\/wp\/v2\/categories?post=33661"},{"taxonomy":"post_tag","embeddable":true,"href":"https:\/\/todoapulmon-rafaela.com\/index.php\/wp-json\/wp\/v2\/tags?post=33661"}],"curies":[{"name":"wp","href":"https:\/\/api.w.org\/{rel}","templated":true}]}}