{"id":3364,"date":"2016-10-28T14:31:38","date_gmt":"2016-10-28T14:31:38","guid":{"rendered":"http:\/\/todoapulmon-rafaela.com\/?p=3364"},"modified":"2016-10-28T14:31:38","modified_gmt":"2016-10-28T14:31:38","slug":"santa-fe-debuta-frente-a-sur","status":"publish","type":"post","link":"https:\/\/todoapulmon-rafaela.com\/index.php\/2016\/10\/28\/santa-fe-debuta-frente-a-sur\/","title":{"rendered":"Santa Fe debuta frente a Sur"},"content":{"rendered":"<p>Este s\u00e1bado se pondr\u00e1 en marcha el Campeonato Argentino de Uniones, donde el seleccionado de la Uni\u00f3n Santafesina iniciar\u00e1 el camino que le permita conseguir el ascenso al nivel superior. El primer rival ser\u00e1 el representativo de Uni\u00f3n de Rugby del Sur, a partir de las 16.30, en la cancha de Santa Fe Rugby con el arbitraje de Pablo De Luca.<\/p>\n<p>Fueron citados para este primer partido en el certamen cinco jugadores de CRAR: los primeras l\u00edneas Mat\u00edas Rocchi, Nicol\u00e1s Guti\u00e9rrez y Mart\u00edn Zegaib; el segunda l\u00ednea Franco Davicino y el apertura Pablo Villar.<\/p>\n<p>Los dem\u00e1s partidos de la Zona Ascenso A programados son los siguientes: a las 16.30 Entre R\u00edos vs. Mar del Plata (Juan G\u00f3mez), en Rowing; y Nordeste vs. Alto Valle (Alvaro Del Barco), en CURNE.<\/p>\n<p>LISTA DE BUENA FE<\/p>\n<div class=\"_2cuy _3dgx _2vxa\">El cuerpo t\u00e9cnico de la USR conducido por Guillermo Aguilera determin\u00f3 los 33 jugadores que integran la lista de buena fe para el seleccionado mayor, inform\u00f3 la USR. Los mismos afrontar\u00e1n las cinco fechas de la zona ascenso del torneo nacional. Aparte de los cinco convocados para el primer encuentro, tambi\u00e9n est\u00e1n en la lista el pilar Mayco Vivas (uno de los tres juveniles del plantel) y el segunda l\u00ednea Juan Imvinkelried.<\/div>\n<div class=\"_2cuy _3dgx _2vxa\">Este es el detalle:<\/div>\n<div class=\"_2cuy _3dgx _2vxa\"><span class=\"_4yxo\"><strong>Pilares izquierdos:<\/strong>\u00a0<\/span>Jos\u00e9 Canuto (CRAI),\u00a0Nicol\u00e1s Guti\u00e9rrez (C\u00edrculo Rafaelino) y\u00a0Mat\u00edas Rocchi (C\u00edrculo Rafaelino).<\/div>\n<div class=\"_2cuy _3dgx _2vxa\"><span class=\"_4yxo\"><strong>Hookers:<\/strong>\u00a0<\/span>Mart\u00edn Zegaib (C\u00edrculo Rafaelino) y Juan Espinosa (Universitario).<\/div>\n<div class=\"_2cuy _3dgx _2vxa\"><span class=\"_4yxo\"><strong>Pilares derechos:<\/strong>\u00a0<\/span>Pedro Marozzi (CRAI),\u00a0Gonzalo Del Pazo (Santa Fe RC) y Mayco Vivas (C\u00edrculo Rafaelino).<\/div>\n<div class=\"_2cuy _3dgx _2vxa\"><span class=\"_4yxo\"><strong>Segundas l\u00edneas:<\/strong>\u00a0<\/span>Joaqu\u00edn Schierano (CRAI),\u00a0Jos\u00e9 Dogliani (CRAI),\u00a0Franco Davicino (C\u00edrculo Rafaelino),\u00a0Juan Imvinkelrield (C\u00edrculo Rafaelino) y\u00a0Joaqu\u00edn Alonso (Santa Fe RC).<\/div>\n<div class=\"_2cuy _3dgx _2vxa\"><strong>Terceras l\u00edneas:<\/strong>\u00a0Tom\u00e1s Longo (Santa Fe RC),\u00a0Mart\u00edn M\u00e1ntaras (Santa Fe RC),\u00a0Gonzalo \u00c1lvarez (Alma Juniors),<\/div>\n<div class=\"_2cuy _3dgx _2vxa\">Jos\u00e9 G\u00e1lvez (Querand\u00ed) y\u00a0Nicol\u00e1s Salte\u00f1o (Universitario).<\/div>\n<div class=\"_2cuy _3dgx _2vxa\"><span class=\"_4yxo\"><strong>Medios:<\/strong>\u00a0<\/span>Estanislao Bay (CRAI),\u00a0Alejandro Molinas (CRAI),\u00a0Nicol\u00e1s Bruzzone (Universitario) y Federico Bruzzone (Universitario).<\/div>\n<div class=\"_2cuy _3dgx _2vxa\"><span class=\"_4yxo\"><strong>Aperturas:<\/strong>\u00a0<\/span>Pablo Villar (C\u00edrculo Rafaelino) y\u00a0Leandro Rivero (Cha Roga).<\/div>\n<div class=\"_2cuy _3dgx _2vxa\"><span class=\"_4yxo\"><strong>Centros:<\/strong>\u00a0<\/span>Ezequiel Ben\u00edtez (Universitario), Ian Sbisa (Santa Fe RC), Gonzalo Gal\u00e1n (Santa Fe RC) y C\u00e9sar Grosso (Universitario R).<\/div>\n<div class=\"_2cuy _3dgx _2vxa\"><span class=\"_4yxo\"><strong>Wingers:<\/strong>\u00a0<\/span>Tom\u00e1s Kerz (Santa Fe RC), Mart\u00edn Visuara (La Salle), Felipe Nepote (Universitario) y\u00a0Patricio Fosco (CRAI).<\/div>\n<div class=\"_2cuy _3dgx _2vxa\"><strong><span class=\"_4yxo\">Fullback:<\/span><\/strong>\u00a0Tom\u00e1s Marconi (La Salle).<\/div>\n","protected":false},"excerpt":{"rendered":"<p>Este s\u00e1bado se pondr\u00e1 en marcha el Campeonato Argentino de Uniones, donde el seleccionado de la Uni\u00f3n Santafesina iniciar\u00e1 el<\/p>\n","protected":false},"author":2,"featured_media":3366,"comment_status":"open","ping_status":"open","sticky":false,"template":"","format":"standard","meta":{"footnotes":""},"categories":[24,2],"tags":[],"class_list":["post-3364","post","type-post","status-publish","format-standard","has-post-thumbnail","hentry","category-noticias-destacadas","category-rugby"],"cc_featured_image_caption":{"caption_text":"Nicol\u00e1s Guti\u00e9rrez tendr\u00e1 un nuevo Argentino, aunque en el primero en su posici\u00f3n actual.","source_text":"","source_url":""},"_links":{"self":[{"href":"https:\/\/todoapulmon-rafaela.com\/index.php\/wp-json\/wp\/v2\/posts\/3364"}],"collection":[{"href":"https:\/\/todoapulmon-rafaela.com\/index.php\/wp-json\/wp\/v2\/posts"}],"about":[{"href":"https:\/\/todoapulmon-rafaela.com\/index.php\/wp-json\/wp\/v2\/types\/post"}],"author":[{"embeddable":true,"href":"https:\/\/todoapulmon-rafaela.com\/index.php\/wp-json\/wp\/v2\/users\/2"}],"replies":[{"embeddable":true,"href":"https:\/\/todoapulmon-rafaela.com\/index.php\/wp-json\/wp\/v2\/comments?post=3364"}],"version-history":[{"count":2,"href":"https:\/\/todoapulmon-rafaela.com\/index.php\/wp-json\/wp\/v2\/posts\/3364\/revisions"}],"predecessor-version":[{"id":3367,"href":"https:\/\/todoapulmon-rafaela.com\/index.php\/wp-json\/wp\/v2\/posts\/3364\/revisions\/3367"}],"wp:featuredmedia":[{"embeddable":true,"href":"https:\/\/todoapulmon-rafaela.com\/index.php\/wp-json\/wp\/v2\/media\/3366"}],"wp:attachment":[{"href":"https:\/\/todoapulmon-rafaela.com\/index.php\/wp-json\/wp\/v2\/media?parent=3364"}],"wp:term":[{"taxonomy":"category","embeddable":true,"href":"https:\/\/todoapulmon-rafaela.com\/index.php\/wp-json\/wp\/v2\/categories?post=3364"},{"taxonomy":"post_tag","embeddable":true,"href":"https:\/\/todoapulmon-rafaela.com\/index.php\/wp-json\/wp\/v2\/tags?post=3364"}],"curies":[{"name":"wp","href":"https:\/\/api.w.org\/{rel}","templated":true}]}}