{"id":33417,"date":"2022-08-14T17:55:48","date_gmt":"2022-08-14T17:55:48","guid":{"rendered":"https:\/\/todoapulmon-rafaela.com\/?p=33417"},"modified":"2022-08-14T17:55:48","modified_gmt":"2022-08-14T17:55:48","slug":"almagro-fue-campeon-del-apertura-sub-16","status":"publish","type":"post","link":"https:\/\/todoapulmon-rafaela.com\/index.php\/2022\/08\/14\/almagro-fue-campeon-del-apertura-sub-16\/","title":{"rendered":"Almagro fue campe\u00f3n del Apertura Sub 16"},"content":{"rendered":"<div>En las instalaciones de Almagro, el s\u00e1bado 13 se cerr\u00f3 el torneo Apertura de la categor\u00eda Sub 16 de damas de la Asociaci\u00f3n Rafaelina de Voley con el TOP entre los mejores ubicados en la etapa regular.<\/div>\n<div>Las 3 Copas se realizaron en el gimnasio de calle Garibaldi y el representativo local tuvo sus grandes resultados:<\/div>\n<div>El Equipo A se consagr\u00f3 campe\u00f3n del torneo Apertura, en tanto que el B obtuvo el cuarto puesto en la Copa de Oro. En tanto, el elenco C con importantes avances qued\u00f3 segundo en la Copa de Bronce.<\/div>\n<div><img loading=\"lazy\" decoding=\"async\" class=\"alignnone size-full wp-image-33419\" src=\"https:\/\/todoapulmon-rafaela.com\/wp-content\/uploads\/2022\/08\/WhatsApp-Image-2022-08-14-at-1.04.43-PM.jpeg\" alt=\"\" width=\"1200\" height=\"1600\" srcset=\"https:\/\/todoapulmon-rafaela.com\/wp-content\/uploads\/2022\/08\/WhatsApp-Image-2022-08-14-at-1.04.43-PM.jpeg 1200w, https:\/\/todoapulmon-rafaela.com\/wp-content\/uploads\/2022\/08\/WhatsApp-Image-2022-08-14-at-1.04.43-PM-225x300.jpeg 225w, https:\/\/todoapulmon-rafaela.com\/wp-content\/uploads\/2022\/08\/WhatsApp-Image-2022-08-14-at-1.04.43-PM-1125x1500.jpeg 1125w, https:\/\/todoapulmon-rafaela.com\/wp-content\/uploads\/2022\/08\/WhatsApp-Image-2022-08-14-at-1.04.43-PM-1152x1536.jpeg 1152w\" sizes=\"(max-width: 1200px) 100vw, 1200px\" \/><\/div>\n<div><\/div>\n<div><\/div>\n","protected":false},"excerpt":{"rendered":"<p>En las instalaciones de Almagro, el s\u00e1bado 13 se cerr\u00f3 el torneo Apertura de la categor\u00eda Sub 16 de damas<\/p>\n","protected":false},"author":2,"featured_media":33418,"comment_status":"open","ping_status":"open","sticky":false,"template":"","format":"standard","meta":{"footnotes":""},"categories":[24,16],"tags":[],"class_list":["post-33417","post","type-post","status-publish","format-standard","has-post-thumbnail","hentry","category-noticias-destacadas","category-voley"],"cc_featured_image_caption":{"caption_text":"FOTO PRENSA ALMAGRO","source_text":"","source_url":""},"_links":{"self":[{"href":"https:\/\/todoapulmon-rafaela.com\/index.php\/wp-json\/wp\/v2\/posts\/33417"}],"collection":[{"href":"https:\/\/todoapulmon-rafaela.com\/index.php\/wp-json\/wp\/v2\/posts"}],"about":[{"href":"https:\/\/todoapulmon-rafaela.com\/index.php\/wp-json\/wp\/v2\/types\/post"}],"author":[{"embeddable":true,"href":"https:\/\/todoapulmon-rafaela.com\/index.php\/wp-json\/wp\/v2\/users\/2"}],"replies":[{"embeddable":true,"href":"https:\/\/todoapulmon-rafaela.com\/index.php\/wp-json\/wp\/v2\/comments?post=33417"}],"version-history":[{"count":1,"href":"https:\/\/todoapulmon-rafaela.com\/index.php\/wp-json\/wp\/v2\/posts\/33417\/revisions"}],"predecessor-version":[{"id":33420,"href":"https:\/\/todoapulmon-rafaela.com\/index.php\/wp-json\/wp\/v2\/posts\/33417\/revisions\/33420"}],"wp:featuredmedia":[{"embeddable":true,"href":"https:\/\/todoapulmon-rafaela.com\/index.php\/wp-json\/wp\/v2\/media\/33418"}],"wp:attachment":[{"href":"https:\/\/todoapulmon-rafaela.com\/index.php\/wp-json\/wp\/v2\/media?parent=33417"}],"wp:term":[{"taxonomy":"category","embeddable":true,"href":"https:\/\/todoapulmon-rafaela.com\/index.php\/wp-json\/wp\/v2\/categories?post=33417"},{"taxonomy":"post_tag","embeddable":true,"href":"https:\/\/todoapulmon-rafaela.com\/index.php\/wp-json\/wp\/v2\/tags?post=33417"}],"curies":[{"name":"wp","href":"https:\/\/api.w.org\/{rel}","templated":true}]}}