{"id":33407,"date":"2022-08-14T03:13:53","date_gmt":"2022-08-14T03:13:53","guid":{"rendered":"https:\/\/todoapulmon-rafaela.com\/?p=33407"},"modified":"2022-08-14T03:14:49","modified_gmt":"2022-08-14T03:14:49","slug":"derrota-ajustada-de-la-rafaelina-en-el-inicio-del-provincial-u16","status":"publish","type":"post","link":"https:\/\/todoapulmon-rafaela.com\/index.php\/2022\/08\/14\/derrota-ajustada-de-la-rafaelina-en-el-inicio-del-provincial-u16\/","title":{"rendered":"Derrota ajustada de la Rafaelina ante Venado, pero victoria en 3&#215;3"},"content":{"rendered":"<p>En la primera jornada del Campeonato Provincial U16 masculino que se disputa en Ca\u00f1ada Rosqu\u00edn y San Jorge, el seleccionado de la ARB perdi\u00f3 ante Venado Tuerto por 81 a 77. Esteban Corroto con 22 puntos y Ezequiel Taborda con 20, fueron los principales anotadores del elenco dirigido por Guillermo Kenig. M\u00e1ximo Barbieri con 11, Santiago Marconetti y Emanuel C\u00f3rdoba con 8, fueron otros de los aportes ofensivos salientes. En Venado Tuerto luci\u00f3 Bautista Jordan con 30.<\/p>\n<p>Temprano este domingo, a las 9.30, la Rafaelina en San Jorge jugar\u00e1 ante Ca\u00f1adense que perdi\u00f3 en el estreno con Noroeste por 69 a 61. Por la noche, a las 20.30 la ARB cerrar\u00e1 la etapa clasificatoria con Noroeste.<\/p>\n<p>En el 3&#215;3, la Rafaelina si pudo ganarle a Venado Tuerto, por un claro 21 a 4.<\/p>\n","protected":false},"excerpt":{"rendered":"<p>En la primera jornada del Campeonato Provincial U16 masculino que se disputa en Ca\u00f1ada Rosqu\u00edn y San Jorge, el seleccionado<\/p>\n","protected":false},"author":2,"featured_media":33408,"comment_status":"open","ping_status":"open","sticky":false,"template":"","format":"standard","meta":{"footnotes":""},"categories":[5,24],"tags":[],"class_list":["post-33407","post","type-post","status-publish","format-standard","has-post-thumbnail","hentry","category-basquet","category-noticias-destacadas"],"cc_featured_image_caption":{"caption_text":"En el 3x3, la Rafaelina le gan\u00f3 a Venado Tuerto. (Foto prensa Fed. Santafesina).","source_text":"","source_url":""},"_links":{"self":[{"href":"https:\/\/todoapulmon-rafaela.com\/index.php\/wp-json\/wp\/v2\/posts\/33407"}],"collection":[{"href":"https:\/\/todoapulmon-rafaela.com\/index.php\/wp-json\/wp\/v2\/posts"}],"about":[{"href":"https:\/\/todoapulmon-rafaela.com\/index.php\/wp-json\/wp\/v2\/types\/post"}],"author":[{"embeddable":true,"href":"https:\/\/todoapulmon-rafaela.com\/index.php\/wp-json\/wp\/v2\/users\/2"}],"replies":[{"embeddable":true,"href":"https:\/\/todoapulmon-rafaela.com\/index.php\/wp-json\/wp\/v2\/comments?post=33407"}],"version-history":[{"count":2,"href":"https:\/\/todoapulmon-rafaela.com\/index.php\/wp-json\/wp\/v2\/posts\/33407\/revisions"}],"predecessor-version":[{"id":33410,"href":"https:\/\/todoapulmon-rafaela.com\/index.php\/wp-json\/wp\/v2\/posts\/33407\/revisions\/33410"}],"wp:featuredmedia":[{"embeddable":true,"href":"https:\/\/todoapulmon-rafaela.com\/index.php\/wp-json\/wp\/v2\/media\/33408"}],"wp:attachment":[{"href":"https:\/\/todoapulmon-rafaela.com\/index.php\/wp-json\/wp\/v2\/media?parent=33407"}],"wp:term":[{"taxonomy":"category","embeddable":true,"href":"https:\/\/todoapulmon-rafaela.com\/index.php\/wp-json\/wp\/v2\/categories?post=33407"},{"taxonomy":"post_tag","embeddable":true,"href":"https:\/\/todoapulmon-rafaela.com\/index.php\/wp-json\/wp\/v2\/tags?post=33407"}],"curies":[{"name":"wp","href":"https:\/\/api.w.org\/{rel}","templated":true}]}}