{"id":3328,"date":"2016-10-26T19:25:08","date_gmt":"2016-10-26T19:25:08","guid":{"rendered":"http:\/\/todoapulmon-rafaela.com\/?p=3328"},"modified":"2016-10-26T19:25:08","modified_gmt":"2016-10-26T19:25:08","slug":"la-satisfaccion-de-vargas-y-capella-en-los-evita","status":"publish","type":"post","link":"https:\/\/todoapulmon-rafaela.com\/index.php\/2016\/10\/26\/la-satisfaccion-de-vargas-y-capella-en-los-evita\/","title":{"rendered":"La satisfacci\u00f3n de Vargas y Capella en los Evita"},"content":{"rendered":"<p>El ciclismo rafaelino volvi\u00f3 a cumplir en los Juegos Evita que se desarrollan en Mar del Plata. Yoel Vargas obtuvo una medalla de oro en el scratch y se mostr\u00f3 muy contento en el di\u00e1logo con Todo a Pulm\u00f3n radio. Lo mismo el entrenador Daniel Capella, quien rescat\u00f3 el muy buen trabajo del grupo de la provincia de Santa Fe.<\/p>\n<p>Adem\u00e1s, nos cont\u00f3 sobre una reuni\u00f3n mantenida con el Secretario de Deporte de la Naci\u00f3n, Carlos Mac Allister, y lo que viene para el Argentino de Pista Elite, Sub 23 y Damas, en San Juan.<\/p>\n<p>Aqu\u00ed el audio:<\/p>\n<!--[if lt IE 9]><script>document.createElement('audio');<\/script><![endif]-->\n<audio class=\"wp-audio-shortcode\" id=\"audio-3328-1\" preload=\"none\" style=\"width: 100%;\" controls=\"controls\"><source type=\"audio\/mpeg\" src=\"http:\/\/todoapulmon-rafaela.com\/wp-content\/uploads\/2016\/10\/25-10-16-CAPELLA.mp3?_=1\" \/><a href=\"http:\/\/todoapulmon-rafaela.com\/wp-content\/uploads\/2016\/10\/25-10-16-CAPELLA.mp3\">http:\/\/todoapulmon-rafaela.com\/wp-content\/uploads\/2016\/10\/25-10-16-CAPELLA.mp3<\/a><\/audio>\n","protected":false},"excerpt":{"rendered":"<p>El ciclismo rafaelino volvi\u00f3 a cumplir en los Juegos Evita que se desarrollan en Mar del Plata. Yoel Vargas obtuvo<\/p>\n","protected":false},"author":2,"featured_media":3329,"comment_status":"open","ping_status":"open","sticky":false,"template":"","format":"standard","meta":{"footnotes":""},"categories":[4],"tags":[],"class_list":["post-3328","post","type-post","status-publish","format-standard","has-post-thumbnail","hentry","category-ciclismo"],"cc_featured_image_caption":{"caption_text":"El equipo de ciclismo de nuestra provincia en los Juegos Evita (foto D. Capella).","source_text":"","source_url":""},"_links":{"self":[{"href":"https:\/\/todoapulmon-rafaela.com\/index.php\/wp-json\/wp\/v2\/posts\/3328"}],"collection":[{"href":"https:\/\/todoapulmon-rafaela.com\/index.php\/wp-json\/wp\/v2\/posts"}],"about":[{"href":"https:\/\/todoapulmon-rafaela.com\/index.php\/wp-json\/wp\/v2\/types\/post"}],"author":[{"embeddable":true,"href":"https:\/\/todoapulmon-rafaela.com\/index.php\/wp-json\/wp\/v2\/users\/2"}],"replies":[{"embeddable":true,"href":"https:\/\/todoapulmon-rafaela.com\/index.php\/wp-json\/wp\/v2\/comments?post=3328"}],"version-history":[{"count":1,"href":"https:\/\/todoapulmon-rafaela.com\/index.php\/wp-json\/wp\/v2\/posts\/3328\/revisions"}],"predecessor-version":[{"id":3331,"href":"https:\/\/todoapulmon-rafaela.com\/index.php\/wp-json\/wp\/v2\/posts\/3328\/revisions\/3331"}],"wp:featuredmedia":[{"embeddable":true,"href":"https:\/\/todoapulmon-rafaela.com\/index.php\/wp-json\/wp\/v2\/media\/3329"}],"wp:attachment":[{"href":"https:\/\/todoapulmon-rafaela.com\/index.php\/wp-json\/wp\/v2\/media?parent=3328"}],"wp:term":[{"taxonomy":"category","embeddable":true,"href":"https:\/\/todoapulmon-rafaela.com\/index.php\/wp-json\/wp\/v2\/categories?post=3328"},{"taxonomy":"post_tag","embeddable":true,"href":"https:\/\/todoapulmon-rafaela.com\/index.php\/wp-json\/wp\/v2\/tags?post=3328"}],"curies":[{"name":"wp","href":"https:\/\/api.w.org\/{rel}","templated":true}]}}