{"id":33131,"date":"2022-08-02T23:04:03","date_gmt":"2022-08-02T23:04:03","guid":{"rendered":"https:\/\/todoapulmon-rafaela.com\/?p=33131"},"modified":"2022-08-02T23:05:13","modified_gmt":"2022-08-02T23:05:13","slug":"mondino-ya-se-enfoca-en-los-200-metros","status":"publish","type":"post","link":"https:\/\/todoapulmon-rafaela.com\/index.php\/2022\/08\/02\/mondino-ya-se-enfoca-en-los-200-metros\/","title":{"rendered":"Mondino ya se enfoca en los 200 metros"},"content":{"rendered":"<p>Este martes se desarrollaron las semifinales de los 100 metros llanos del Campeonato Mundial de Atletismo U20 en Cali, Colombia, en la que el rafaelino Tom\u00e1s Mondino ocup\u00f3 el octavo puesto, no pudiendo avanzar a la gran final.<\/p>\n<p>De todos modos, fue una gran participaci\u00f3n en esta prueba para el juvenil atleta de 17 a\u00f1os, es decir categor\u00eda U18, que el lunes hab\u00eca tenido una gran jornada logrando el r\u00e9cord argentino U20 en las series con 10s34.<br \/>\nSiendo protagonista en la tercera semi, Tom\u00e1s corri\u00f3 por el andarivel 8 con un tiempo de 10s59, por debajo de lo que hizo 24 horas antes. El corte para la final estuvo en 10s29, es decir que tendr\u00eda que haber mejorado unas cent\u00e9simas para estar en la gran definici\u00f3n.<\/p>\n<p>Cabe destacar que fue medalla dorada de esta prueba reina el m\u00e1ximo favorito, Letsule Tebogo (Bostwana) con nuevo r\u00e9cord mundial de 9s91.<\/p>\n<p>LLEGAN LOS 200<\/p>\n<p>Este mi\u00e9rcoles seguir\u00e1 la participaci\u00f3n del atleta rafaelino con el inicio de las series de 200 metros llanos, que comenzar\u00e1n a las 13.25 de Argentina. Mondino tendr\u00e1 su cita en el quinto Heat corriendo por el andarivel 8. Su PB es 21s18, con solamente dos atletas por encima de su tiempo, el costaricense Alejandro Rickets y el argelino Abdellah Ouhib. El mejor tiempo entre quienes corren esa serie lo tiene el brit\u00e1nico Jeriel Quainoo con 20s40.<\/p>\n","protected":false},"excerpt":{"rendered":"<p>Este martes se desarrollaron las semifinales de los 100 metros llanos del Campeonato Mundial de Atletismo U20 en Cali, Colombia,<\/p>\n","protected":false},"author":2,"featured_media":33135,"comment_status":"open","ping_status":"open","sticky":false,"template":"","format":"standard","meta":{"footnotes":""},"categories":[7,24],"tags":[],"class_list":["post-33131","post","type-post","status-publish","format-standard","has-post-thumbnail","hentry","category-atletismo","category-noticias-destacadas"],"cc_featured_image_caption":{"caption_text":"","source_text":"","source_url":""},"_links":{"self":[{"href":"https:\/\/todoapulmon-rafaela.com\/index.php\/wp-json\/wp\/v2\/posts\/33131"}],"collection":[{"href":"https:\/\/todoapulmon-rafaela.com\/index.php\/wp-json\/wp\/v2\/posts"}],"about":[{"href":"https:\/\/todoapulmon-rafaela.com\/index.php\/wp-json\/wp\/v2\/types\/post"}],"author":[{"embeddable":true,"href":"https:\/\/todoapulmon-rafaela.com\/index.php\/wp-json\/wp\/v2\/users\/2"}],"replies":[{"embeddable":true,"href":"https:\/\/todoapulmon-rafaela.com\/index.php\/wp-json\/wp\/v2\/comments?post=33131"}],"version-history":[{"count":2,"href":"https:\/\/todoapulmon-rafaela.com\/index.php\/wp-json\/wp\/v2\/posts\/33131\/revisions"}],"predecessor-version":[{"id":33134,"href":"https:\/\/todoapulmon-rafaela.com\/index.php\/wp-json\/wp\/v2\/posts\/33131\/revisions\/33134"}],"wp:featuredmedia":[{"embeddable":true,"href":"https:\/\/todoapulmon-rafaela.com\/index.php\/wp-json\/wp\/v2\/media\/33135"}],"wp:attachment":[{"href":"https:\/\/todoapulmon-rafaela.com\/index.php\/wp-json\/wp\/v2\/media?parent=33131"}],"wp:term":[{"taxonomy":"category","embeddable":true,"href":"https:\/\/todoapulmon-rafaela.com\/index.php\/wp-json\/wp\/v2\/categories?post=33131"},{"taxonomy":"post_tag","embeddable":true,"href":"https:\/\/todoapulmon-rafaela.com\/index.php\/wp-json\/wp\/v2\/tags?post=33131"}],"curies":[{"name":"wp","href":"https:\/\/api.w.org\/{rel}","templated":true}]}}