{"id":33105,"date":"2022-08-01T19:15:51","date_gmt":"2022-08-01T19:15:51","guid":{"rendered":"https:\/\/todoapulmon-rafaela.com\/?p=33105"},"modified":"2022-08-01T19:17:17","modified_gmt":"2022-08-01T19:17:17","slug":"destacada-labor-de-gimnastas-de-crear","status":"publish","type":"post","link":"https:\/\/todoapulmon-rafaela.com\/index.php\/2022\/08\/01\/destacada-labor-de-gimnastas-de-crear\/","title":{"rendered":"Destacada labor de gimnastas de CREAR"},"content":{"rendered":"<p>El reciente fin de semana se desarroll\u00f3 en San Jorge el segundo Campeonato Provincial de gimnasia art\u00edstica en el cual estuvieron representantes de CREAR Club de nuestra ciudad.<\/p>\n<p>En el Nivel Elite Juvenil obtuvo el primer puesto Emilia Acosta, mientras que en el Nivel B2 fue s\u00e9ptima Luisina L\u00f3pez.<\/p>\n<p>En Nivel B3 Mayor fue primera Victoria Pogliani y d\u00e9cima se ubic\u00f3 Esperanza Alberto. En tanto, en el Nivel B3 Juvenil fue quinta Sof\u00eda Segatti y 13\u00aa Julieta Menseguez.<\/p>\n<p><img loading=\"lazy\" decoding=\"async\" class=\"alignnone size-medium wp-image-33111\" src=\"https:\/\/todoapulmon-rafaela.com\/wp-content\/uploads\/2022\/08\/Crear-Provincial-2022-2-225x300.jpg\" alt=\"\" width=\"225\" height=\"300\" srcset=\"https:\/\/todoapulmon-rafaela.com\/wp-content\/uploads\/2022\/08\/Crear-Provincial-2022-2-225x300.jpg 225w, https:\/\/todoapulmon-rafaela.com\/wp-content\/uploads\/2022\/08\/Crear-Provincial-2022-2.jpg 960w\" sizes=\"(max-width: 225px) 100vw, 225px\" \/><img loading=\"lazy\" decoding=\"async\" class=\"alignnone size-medium wp-image-33112\" src=\"https:\/\/todoapulmon-rafaela.com\/wp-content\/uploads\/2022\/08\/Crear-Provincial-20221-225x300.jpg\" alt=\"\" width=\"225\" height=\"300\" srcset=\"https:\/\/todoapulmon-rafaela.com\/wp-content\/uploads\/2022\/08\/Crear-Provincial-20221-225x300.jpg 225w, https:\/\/todoapulmon-rafaela.com\/wp-content\/uploads\/2022\/08\/Crear-Provincial-20221.jpg 960w\" sizes=\"(max-width: 225px) 100vw, 225px\" \/> <img loading=\"lazy\" decoding=\"async\" class=\"alignnone size-medium wp-image-33113\" src=\"https:\/\/todoapulmon-rafaela.com\/wp-content\/uploads\/2022\/08\/Crear-Provincial-2022-225x300.jpg\" alt=\"\" width=\"225\" height=\"300\" srcset=\"https:\/\/todoapulmon-rafaela.com\/wp-content\/uploads\/2022\/08\/Crear-Provincial-2022-225x300.jpg 225w, https:\/\/todoapulmon-rafaela.com\/wp-content\/uploads\/2022\/08\/Crear-Provincial-2022.jpg 960w\" sizes=\"(max-width: 225px) 100vw, 225px\" \/><\/p>\n<p>Lamentablemente, en Elite, sufri\u00f3 una lesi\u00f3n en la entrada en calor Magdalena Gaido. Por tal motivo no podr\u00e1 estar este fin de semana en el primer Selectivo Sudamericano en Mar del Plata.<\/p>\n<p>En el Nacional de Clubes y primer Selectivo Sudamericano Age Group que se har\u00e1 en la ciudad Feliz estar\u00e1 entonces Emilia Acosta, que viajar\u00e1 el mi\u00e9rcoles junto a su entrenador V\u00edctor Ingaramo y la Jueza Internacional Silvia Ingaramo.<\/p>\n","protected":false},"excerpt":{"rendered":"<p>El reciente fin de semana se desarroll\u00f3 en San Jorge el segundo Campeonato Provincial de gimnasia art\u00edstica en el cual<\/p>\n","protected":false},"author":2,"featured_media":33115,"comment_status":"open","ping_status":"open","sticky":false,"template":"","format":"standard","meta":{"footnotes":""},"categories":[24],"tags":[],"class_list":["post-33105","post","type-post","status-publish","format-standard","has-post-thumbnail","hentry","category-noticias-destacadas"],"cc_featured_image_caption":{"caption_text":"Emilia Acosta, que estar\u00e1 en el Selectivo Sudamericano en Mar del Plata. (Foto prensa CREAR Club).","source_text":"","source_url":""},"_links":{"self":[{"href":"https:\/\/todoapulmon-rafaela.com\/index.php\/wp-json\/wp\/v2\/posts\/33105"}],"collection":[{"href":"https:\/\/todoapulmon-rafaela.com\/index.php\/wp-json\/wp\/v2\/posts"}],"about":[{"href":"https:\/\/todoapulmon-rafaela.com\/index.php\/wp-json\/wp\/v2\/types\/post"}],"author":[{"embeddable":true,"href":"https:\/\/todoapulmon-rafaela.com\/index.php\/wp-json\/wp\/v2\/users\/2"}],"replies":[{"embeddable":true,"href":"https:\/\/todoapulmon-rafaela.com\/index.php\/wp-json\/wp\/v2\/comments?post=33105"}],"version-history":[{"count":3,"href":"https:\/\/todoapulmon-rafaela.com\/index.php\/wp-json\/wp\/v2\/posts\/33105\/revisions"}],"predecessor-version":[{"id":33114,"href":"https:\/\/todoapulmon-rafaela.com\/index.php\/wp-json\/wp\/v2\/posts\/33105\/revisions\/33114"}],"wp:featuredmedia":[{"embeddable":true,"href":"https:\/\/todoapulmon-rafaela.com\/index.php\/wp-json\/wp\/v2\/media\/33115"}],"wp:attachment":[{"href":"https:\/\/todoapulmon-rafaela.com\/index.php\/wp-json\/wp\/v2\/media?parent=33105"}],"wp:term":[{"taxonomy":"category","embeddable":true,"href":"https:\/\/todoapulmon-rafaela.com\/index.php\/wp-json\/wp\/v2\/categories?post=33105"},{"taxonomy":"post_tag","embeddable":true,"href":"https:\/\/todoapulmon-rafaela.com\/index.php\/wp-json\/wp\/v2\/tags?post=33105"}],"curies":[{"name":"wp","href":"https:\/\/api.w.org\/{rel}","templated":true}]}}