{"id":32962,"date":"2022-07-27T21:48:55","date_gmt":"2022-07-27T21:48:55","guid":{"rendered":"https:\/\/todoapulmon-rafaela.com\/?p=32962"},"modified":"2022-07-27T21:48:55","modified_gmt":"2022-07-27T21:48:55","slug":"atletico-hizo-oficial-que-no-se-presenta","status":"publish","type":"post","link":"https:\/\/todoapulmon-rafaela.com\/index.php\/2022\/07\/27\/atletico-hizo-oficial-que-no-se-presenta\/","title":{"rendered":"Atl\u00e9tico hizo oficial que no se presenta"},"content":{"rendered":"<p>Poco m\u00e1s de dos horas antes del horario fijado por la ARB para la reanudaci\u00f3n de la final del torneo Preparatorio, dispuesta por el Tribunal de Alzada haciendo lugar al reclamo de Uni\u00f3n de Sunchales, este mi\u00e9rcoles Atl\u00e9tico de Rafaela hizo oficial que no se presentar\u00e1 a disputar los 1.7 segundos del tiempo regular en cancha de Independiente.<\/p>\n<p>Este es el comunicado publicado en las redes sociales de la Crema:<\/p>\n<div dir=\"auto\">\u00abA nuestros socios, simpatizantes y p\u00fablico en general:<\/div>\n<div dir=\"auto\">El Consejo Directivo de la Asociaci\u00f3n Mutual, Social y Deportiva Atl\u00e9tico de Rafaela quiere informar la decisi\u00f3n tomada con respecto al Torneo S\u00faper 4 de Primera Divisi\u00f3n que organiza la Asociaci\u00f3n Rafaelina de B\u00e1squet, el cual nos consagr\u00f3 como justos CAMPEONES el pasado 22 de mayo al vencer en el partido final a Uni\u00f3n de Sunchales por 83 a 70 en doble tiempo suplementario. Debido a incidentes ocurridos durante los \u00faltimos minutos del tiempo reglamentario y posterior al encuentro entre los \u00e1rbitros y jugadores y parcialidad del rival, el Tribunal de Penas de la Asociaci\u00f3n Rafaelina ratific\u00f3 el resultado y dispuso diversas sanciones, las cuales en un Fallo ins\u00f3lito, sin precedentes y que va en contra del esp\u00edritu deportivo, la Federaci\u00f3n Santafesina decidi\u00f3 revocar casi en su totalidad, disponiendo que el encuentro se vuelva a disputar desde un error arbitral que, ellos entienden, defini\u00f3 el resultado final.<\/div>\n<div dir=\"auto\">Ante nuestro pedido a la Asociaci\u00f3n de posponer la reanudaci\u00f3n del encuentro, debido a que a\u00fan no se han cumplido los plazos legales que la instituci\u00f3n cuenta para llevar a cabo las acciones que correspondan contra la resoluci\u00f3n adoptada por la Federaci\u00f3n, y no habiendo obtenido una respuesta formal a lo peticionado, se ha decidido no disputar la reiteraci\u00f3n del encuentro, programado para este mi\u00e9rcoles 27 de julio.<\/div>\n<div dir=\"auto\">No dejamos de estar sorprendidos por la decisi\u00f3n tomada por la Asociaci\u00f3n Rafaelina de B\u00e1squet, pero especialmente por la Federaci\u00f3n Santafesina. Hemos ganado el t\u00edtulo dentro del campo de juego, con un gran esfuerzo por parte de nuestros jugadores, quienes practican este deporte por amor al mismo y con un gran esp\u00edritu amateur. Y es este esp\u00edritu amateur, el esfuerzo de nuestros jugadores y el convencimiento que los campeonatos se ganan en la cancha, y no en los escritorios, lo que nos llev\u00f3 a tomar la decisi\u00f3n que hoy comunicamos.\u00bb<\/div>\n","protected":false},"excerpt":{"rendered":"<p>Poco m\u00e1s de dos horas antes del horario fijado por la ARB para la reanudaci\u00f3n de la final del torneo<\/p>\n","protected":false},"author":2,"featured_media":32963,"comment_status":"open","ping_status":"open","sticky":false,"template":"","format":"standard","meta":{"footnotes":""},"categories":[5,24],"tags":[],"class_list":["post-32962","post","type-post","status-publish","format-standard","has-post-thumbnail","hentry","category-basquet","category-noticias-destacadas"],"cc_featured_image_caption":{"caption_text":"","source_text":"","source_url":""},"_links":{"self":[{"href":"https:\/\/todoapulmon-rafaela.com\/index.php\/wp-json\/wp\/v2\/posts\/32962"}],"collection":[{"href":"https:\/\/todoapulmon-rafaela.com\/index.php\/wp-json\/wp\/v2\/posts"}],"about":[{"href":"https:\/\/todoapulmon-rafaela.com\/index.php\/wp-json\/wp\/v2\/types\/post"}],"author":[{"embeddable":true,"href":"https:\/\/todoapulmon-rafaela.com\/index.php\/wp-json\/wp\/v2\/users\/2"}],"replies":[{"embeddable":true,"href":"https:\/\/todoapulmon-rafaela.com\/index.php\/wp-json\/wp\/v2\/comments?post=32962"}],"version-history":[{"count":1,"href":"https:\/\/todoapulmon-rafaela.com\/index.php\/wp-json\/wp\/v2\/posts\/32962\/revisions"}],"predecessor-version":[{"id":32964,"href":"https:\/\/todoapulmon-rafaela.com\/index.php\/wp-json\/wp\/v2\/posts\/32962\/revisions\/32964"}],"wp:featuredmedia":[{"embeddable":true,"href":"https:\/\/todoapulmon-rafaela.com\/index.php\/wp-json\/wp\/v2\/media\/32963"}],"wp:attachment":[{"href":"https:\/\/todoapulmon-rafaela.com\/index.php\/wp-json\/wp\/v2\/media?parent=32962"}],"wp:term":[{"taxonomy":"category","embeddable":true,"href":"https:\/\/todoapulmon-rafaela.com\/index.php\/wp-json\/wp\/v2\/categories?post=32962"},{"taxonomy":"post_tag","embeddable":true,"href":"https:\/\/todoapulmon-rafaela.com\/index.php\/wp-json\/wp\/v2\/tags?post=32962"}],"curies":[{"name":"wp","href":"https:\/\/api.w.org\/{rel}","templated":true}]}}