{"id":32950,"date":"2022-07-27T11:30:57","date_gmt":"2022-07-27T11:30:57","guid":{"rendered":"https:\/\/todoapulmon-rafaela.com\/?p=32950"},"modified":"2022-07-27T11:30:57","modified_gmt":"2022-07-27T11:30:57","slug":"el-club-ciclista-realizara-la-copa-rafaelina-de-pista","status":"publish","type":"post","link":"https:\/\/todoapulmon-rafaela.com\/index.php\/2022\/07\/27\/el-club-ciclista-realizara-la-copa-rafaelina-de-pista\/","title":{"rendered":"El Club Ciclista realizar\u00e1 la Copa Rafaelina de Pista"},"content":{"rendered":"<p>Para el venidero domingo 31 de julio se anuncia una programaci\u00f3n en el vel\u00f3dromo \u00abH\u00e9ctor Cassina\u00bb del Club Ciclista de Rafaela, con distintas pruebas de pista. Est\u00e1n previstas para diferentes categor\u00edas: infantiles, menores, juniors, sub 23 y Masters.<\/p>\n<p>Dentro de las modalidades de competencias se realizar\u00e1n vueltas lanzadas, persecuci\u00f3n individual, scratch, vuelta con partida detenida y velocidad.<\/p>\n<p>Cabe mencionar que el comienzo estimado es a las 10 y la finalizaci\u00f3n de la actividad alrededor de las 17 con las premiaciones. Estar\u00e1n participando integrantes de la selecci\u00f3n argentina que se preparan para el Panamericano de Lima, Per\u00fa.<\/p>\n<p><img loading=\"lazy\" decoding=\"async\" class=\"alignnone size-full wp-image-32951\" src=\"https:\/\/todoapulmon-rafaela.com\/wp-content\/uploads\/2022\/07\/Copa-Rafaelina-de-Pista.jpg\" alt=\"\" width=\"1080\" height=\"608\" srcset=\"https:\/\/todoapulmon-rafaela.com\/wp-content\/uploads\/2022\/07\/Copa-Rafaelina-de-Pista.jpg 1080w, https:\/\/todoapulmon-rafaela.com\/wp-content\/uploads\/2022\/07\/Copa-Rafaelina-de-Pista-300x169.jpg 300w\" sizes=\"(max-width: 1080px) 100vw, 1080px\" \/><\/p>\n","protected":false},"excerpt":{"rendered":"<p>Para el venidero domingo 31 de julio se anuncia una programaci\u00f3n en el vel\u00f3dromo \u00abH\u00e9ctor Cassina\u00bb del Club Ciclista de<\/p>\n","protected":false},"author":2,"featured_media":32952,"comment_status":"open","ping_status":"open","sticky":false,"template":"","format":"standard","meta":{"footnotes":""},"categories":[4,24],"tags":[],"class_list":["post-32950","post","type-post","status-publish","format-standard","has-post-thumbnail","hentry","category-ciclismo","category-noticias-destacadas"],"cc_featured_image_caption":{"caption_text":"","source_text":"","source_url":""},"_links":{"self":[{"href":"https:\/\/todoapulmon-rafaela.com\/index.php\/wp-json\/wp\/v2\/posts\/32950"}],"collection":[{"href":"https:\/\/todoapulmon-rafaela.com\/index.php\/wp-json\/wp\/v2\/posts"}],"about":[{"href":"https:\/\/todoapulmon-rafaela.com\/index.php\/wp-json\/wp\/v2\/types\/post"}],"author":[{"embeddable":true,"href":"https:\/\/todoapulmon-rafaela.com\/index.php\/wp-json\/wp\/v2\/users\/2"}],"replies":[{"embeddable":true,"href":"https:\/\/todoapulmon-rafaela.com\/index.php\/wp-json\/wp\/v2\/comments?post=32950"}],"version-history":[{"count":1,"href":"https:\/\/todoapulmon-rafaela.com\/index.php\/wp-json\/wp\/v2\/posts\/32950\/revisions"}],"predecessor-version":[{"id":32953,"href":"https:\/\/todoapulmon-rafaela.com\/index.php\/wp-json\/wp\/v2\/posts\/32950\/revisions\/32953"}],"wp:featuredmedia":[{"embeddable":true,"href":"https:\/\/todoapulmon-rafaela.com\/index.php\/wp-json\/wp\/v2\/media\/32952"}],"wp:attachment":[{"href":"https:\/\/todoapulmon-rafaela.com\/index.php\/wp-json\/wp\/v2\/media?parent=32950"}],"wp:term":[{"taxonomy":"category","embeddable":true,"href":"https:\/\/todoapulmon-rafaela.com\/index.php\/wp-json\/wp\/v2\/categories?post=32950"},{"taxonomy":"post_tag","embeddable":true,"href":"https:\/\/todoapulmon-rafaela.com\/index.php\/wp-json\/wp\/v2\/tags?post=32950"}],"curies":[{"name":"wp","href":"https:\/\/api.w.org\/{rel}","templated":true}]}}