{"id":3275,"date":"2016-10-24T21:01:22","date_gmt":"2016-10-24T21:01:22","guid":{"rendered":"http:\/\/todoapulmon-rafaela.com\/?p=3275"},"modified":"2016-10-24T21:01:22","modified_gmt":"2016-10-24T21:01:22","slug":"nadadores-de-bh-en-galvez-y-el-trebol","status":"publish","type":"post","link":"https:\/\/todoapulmon-rafaela.com\/index.php\/2016\/10\/24\/nadadores-de-bh-en-galvez-y-el-trebol\/","title":{"rendered":"Nadadores de BH en G\u00e1lvez y El Tr\u00e9bol"},"content":{"rendered":"<p>Con la participaci\u00f3n de representantes de Ben Hur, el d\u00eda s\u00e1bado se disput\u00f3 la \u00faltima fecha del Torneo \u201cLargo Aliento\u201d en la ciudad de G\u00e1lvez.<br \/>\nEl certamen, que cuenta con la fiscalizaci\u00f3n de la Federaci\u00f3n Santafesina de Nataci\u00f3n, tuvo lugar en la pileta de Ceci BB Club de G\u00e1lvez. Tres competidores de la BH participaron de esta \u00faltima jornada logrando importantes resultados.<br \/>\nSeraf\u00edn Rojas logr\u00f3 el 1\u00ba puesto en su categor\u00eda y el 2\u00ba en la general de hombres con 4375mts, H\u00e9ctor Picard fue 1\u00ba en su categor\u00eda con 1575mts y Noelia Barberis logr\u00f3 el 1\u00ba puesto en su categor\u00eda y 1\u00ba en la general de mujeres con 3525mts.<\/p>\n<p>EN EL TREBOL<\/p>\n<p>Este domingo se realiz\u00f3 el \u201cMarat\u00f3n Acu\u00e1tico\u201d organizado por el Club Trebolense donde particip\u00f3 el equipo de Ben Hur logrando el cuarto puesto.<\/p>\n<p>El certamen de disput\u00f3 con la modalidad \u201cPosta Americana\u201d, con la intervenci\u00f3n de ocho equipos (cupo m\u00e1ximo). La competencia se desarroll\u00f3 por el tiempo de una hora y media, donde cada equipo sum\u00f3 la mayor cantidad de metros recorridos en la pileta.<br \/>\nParticiparon 60 nadadores de Rafaela, San Francisco, San Jorge, Ca\u00f1ada Rosqu\u00edn, Carlos Pellegrini, Sastre y El Tr\u00e9bol. El equipo de la BH obtuvo el cuarto puesto registrando 6225mts y estuvo integrado por: Cristian Berrino, Andr\u00e9s Amherdt, Javier Lozano, Javier Vitulich, Juan Pablo Vincenti y Gabriel Dana.<\/p>\n<figure id=\"attachment_3282\" aria-describedby=\"caption-attachment-3282\" style=\"width: 300px\" class=\"wp-caption alignnone\"><img loading=\"lazy\" decoding=\"async\" class=\"size-medium wp-image-3282\" src=\"http:\/\/todoapulmon-rafaela.com\/wp-content\/uploads\/2016\/10\/nat1-300x208.png\" alt=\"H\u00e9ctor Picard, Noelia Barberis y Seraf\u00edn Rojas.\" width=\"300\" height=\"208\" srcset=\"https:\/\/todoapulmon-rafaela.com\/wp-content\/uploads\/2016\/10\/nat1-300x208.png 300w, https:\/\/todoapulmon-rafaela.com\/wp-content\/uploads\/2016\/10\/nat1-392x272.png 392w, https:\/\/todoapulmon-rafaela.com\/wp-content\/uploads\/2016\/10\/nat1-130x90.png 130w, https:\/\/todoapulmon-rafaela.com\/wp-content\/uploads\/2016\/10\/nat1.png 720w\" sizes=\"(max-width: 300px) 100vw, 300px\" \/><figcaption id=\"caption-attachment-3282\" class=\"wp-caption-text\">H\u00e9ctor Picard, Noelia Barberis y Seraf\u00edn Rojas.<\/figcaption><\/figure>\n<p>&nbsp;<\/p>\n","protected":false},"excerpt":{"rendered":"<p>Con la participaci\u00f3n de representantes de Ben Hur, el d\u00eda s\u00e1bado se disput\u00f3 la \u00faltima fecha del Torneo \u201cLargo Aliento\u201d<\/p>\n","protected":false},"author":2,"featured_media":3281,"comment_status":"open","ping_status":"open","sticky":false,"template":"","format":"standard","meta":{"footnotes":""},"categories":[24,1],"tags":[],"class_list":["post-3275","post","type-post","status-publish","format-standard","has-post-thumbnail","hentry","category-noticias-destacadas","category-sin-categoria"],"cc_featured_image_caption":{"caption_text":"El equipo que particip\u00f3 de la prueba en El Tr\u00e9bol. (Foto prensa Ben Hur).","source_text":"","source_url":""},"_links":{"self":[{"href":"https:\/\/todoapulmon-rafaela.com\/index.php\/wp-json\/wp\/v2\/posts\/3275"}],"collection":[{"href":"https:\/\/todoapulmon-rafaela.com\/index.php\/wp-json\/wp\/v2\/posts"}],"about":[{"href":"https:\/\/todoapulmon-rafaela.com\/index.php\/wp-json\/wp\/v2\/types\/post"}],"author":[{"embeddable":true,"href":"https:\/\/todoapulmon-rafaela.com\/index.php\/wp-json\/wp\/v2\/users\/2"}],"replies":[{"embeddable":true,"href":"https:\/\/todoapulmon-rafaela.com\/index.php\/wp-json\/wp\/v2\/comments?post=3275"}],"version-history":[{"count":4,"href":"https:\/\/todoapulmon-rafaela.com\/index.php\/wp-json\/wp\/v2\/posts\/3275\/revisions"}],"predecessor-version":[{"id":3283,"href":"https:\/\/todoapulmon-rafaela.com\/index.php\/wp-json\/wp\/v2\/posts\/3275\/revisions\/3283"}],"wp:featuredmedia":[{"embeddable":true,"href":"https:\/\/todoapulmon-rafaela.com\/index.php\/wp-json\/wp\/v2\/media\/3281"}],"wp:attachment":[{"href":"https:\/\/todoapulmon-rafaela.com\/index.php\/wp-json\/wp\/v2\/media?parent=3275"}],"wp:term":[{"taxonomy":"category","embeddable":true,"href":"https:\/\/todoapulmon-rafaela.com\/index.php\/wp-json\/wp\/v2\/categories?post=3275"},{"taxonomy":"post_tag","embeddable":true,"href":"https:\/\/todoapulmon-rafaela.com\/index.php\/wp-json\/wp\/v2\/tags?post=3275"}],"curies":[{"name":"wp","href":"https:\/\/api.w.org\/{rel}","templated":true}]}}