{"id":32700,"date":"2022-07-14T18:26:24","date_gmt":"2022-07-14T18:26:24","guid":{"rendered":"https:\/\/todoapulmon-rafaela.com\/?p=32700"},"modified":"2022-07-14T18:26:24","modified_gmt":"2022-07-14T18:26:24","slug":"nueve-argentinos-estaran-en-el-mundial","status":"publish","type":"post","link":"https:\/\/todoapulmon-rafaela.com\/index.php\/2022\/07\/14\/nueve-argentinos-estaran-en-el-mundial\/","title":{"rendered":"Nueve argentinos estar\u00e1n en el Mundial"},"content":{"rendered":"<p>Un total de nueve atletas argentinos disputar\u00e1n el <strong>Campeonato del Mundo de<\/strong> Atletismo <strong>Oreg\u00f3n 2022<\/strong>, que tendr\u00e1 lugar del 15 al 24 de julio de 2022.<\/p>\n<p>El garrochista Germ\u00e1n Chiaraviglio, campe\u00f3n sudamericano, dos veces medallista en los Panamericanos y ol\u00edmpico en tres ocasiones, es una de las figuras a seguir dentro de esta delegaci\u00f3n. En estos momentos ocupa la 40\u00aa plaza en el ranking mundial, y se ha subido al podio en todas las competiciones al aire libre disputadas esta temporada, incluido un tercer puesto en el Iberoamericano de Atletismo.<\/p>\n<p>Tambi\u00e9n habr\u00e1 que tener en cuenta a la ol\u00edmpica en Tokio 2020 y R\u00edo 2016 Bel\u00e9n Casetta, 23\u00aa en el ranking mundial de 3.000m obst\u00e1culos. Es tres veces medallista en los Campeonatos Sudamericanos y fue bronce en los Panamericanos de 2019. Llega de lograr el oro en el Iberoamericano de Atletismo y el Nacional. En la misma disciplina, su compatriota Carolina Lozano ocupa la 56\u00aa plaza del ranking mundial.<\/p>\n<p>Federico Bruno (1.500 metros, recuperaci\u00f3n de un virus), Joaqu\u00edn Arbe (marat\u00f3n, falta de visado) y Daiana Ocampo (marat\u00f3n, concentrada en distancias m\u00e1s cortas), ganaron su clasificaci\u00f3n pero no estar\u00e1n en Eugene.<\/p>\n<p>CALENDARIO DE LOS ATLETAS ARGENTINOS<\/p>\n<table class=\"table table-bordered table-hover table-condensed\">\n<thead>\n<tr>\n<th title=\"Field #1\">Atleta<\/th>\n<th title=\"Field #2\">Edad<\/th>\n<th title=\"Field #3\">Evento<\/th>\n<th title=\"Field #4\">Calendario*<\/th>\n<th title=\"Field #4\"><\/th>\n<\/tr>\n<\/thead>\n<tbody>\n<tr>\n<td>Joaqu\u00edn G\u00f3mez<\/td>\n<td class=\"text-align-center\">25<\/td>\n<td>Lanzamiento de martillo, masculino<\/td>\n<td>Viernes 15 de julio, 13:05<\/td>\n<td><\/td>\n<\/tr>\n<tr>\n<td>Carlos Layoy<\/td>\n<td class=\"text-align-center\">31<\/td>\n<td>Salto en alto, masculino<\/td>\n<td>Viernes 15 de julio, 14:10<\/td>\n<td><\/td>\n<\/tr>\n<tr>\n<td>Juan Manuel Cano<\/td>\n<td class=\"text-align-center\">34<\/td>\n<td>20 km marcha, masculino<\/td>\n<td>Viernes 15 de julio, 19:10<\/td>\n<td><\/td>\n<\/tr>\n<tr>\n<td>Ignacio Carballo<\/td>\n<td class=\"text-align-center\">27<\/td>\n<td>Lanzamiento de bala, masculino<\/td>\n<td>Viernes 15 de julio, 22:55<\/td>\n<td><\/td>\n<\/tr>\n<tr>\n<td>Bel\u00e9n Casetta<\/td>\n<td class=\"text-align-center\">27<\/td>\n<td>3.000 metros con obst\u00e1culos, femenino<\/td>\n<td>S\u00e1bado 16 de julio, 14:35<\/td>\n<td><\/td>\n<\/tr>\n<tr>\n<td>Carolina Lozano<\/td>\n<td class=\"text-align-center\">26<\/td>\n<td>3.000 metros con obst\u00e1culos, femenino<\/td>\n<td>S\u00e1bado 16 de julio, 14:35<\/td>\n<td><\/td>\n<\/tr>\n<tr>\n<td>Eulalio Mu\u00f1oz<\/td>\n<td class=\"text-align-center\">27<\/td>\n<td>Marat\u00f3n, masculino<\/td>\n<td>Domingo 17 de julio, 10:15<\/td>\n<td><\/td>\n<\/tr>\n<tr>\n<td>Florencia Borelli<\/td>\n<td class=\"text-align-center\">29<\/td>\n<td>5.000 metros, femenino<\/td>\n<td>Mi\u00e9rcoles 20 de julio, 20:25<\/td>\n<td><\/td>\n<\/tr>\n<tr>\n<td>Germ\u00e1n Chiaraviglio<\/td>\n<td class=\"text-align-center\">35<\/td>\n<td>Salto con garrocha, masculino<\/td>\n<td>Viernes 22 de julio, 21:05<\/td>\n<td><\/td>\n<\/tr>\n<\/tbody>\n<\/table>\n<p>&nbsp;<\/p>\n","protected":false},"excerpt":{"rendered":"<p>Un total de nueve atletas argentinos disputar\u00e1n el Campeonato del Mundo de Atletismo Oreg\u00f3n 2022, que tendr\u00e1 lugar del 15<\/p>\n","protected":false},"author":2,"featured_media":32701,"comment_status":"open","ping_status":"open","sticky":false,"template":"","format":"standard","meta":{"footnotes":""},"categories":[7,24],"tags":[],"class_list":["post-32700","post","type-post","status-publish","format-standard","has-post-thumbnail","hentry","category-atletismo","category-noticias-destacadas"],"cc_featured_image_caption":{"caption_text":"BELEN CASETTA","source_text":"","source_url":""},"_links":{"self":[{"href":"https:\/\/todoapulmon-rafaela.com\/index.php\/wp-json\/wp\/v2\/posts\/32700"}],"collection":[{"href":"https:\/\/todoapulmon-rafaela.com\/index.php\/wp-json\/wp\/v2\/posts"}],"about":[{"href":"https:\/\/todoapulmon-rafaela.com\/index.php\/wp-json\/wp\/v2\/types\/post"}],"author":[{"embeddable":true,"href":"https:\/\/todoapulmon-rafaela.com\/index.php\/wp-json\/wp\/v2\/users\/2"}],"replies":[{"embeddable":true,"href":"https:\/\/todoapulmon-rafaela.com\/index.php\/wp-json\/wp\/v2\/comments?post=32700"}],"version-history":[{"count":1,"href":"https:\/\/todoapulmon-rafaela.com\/index.php\/wp-json\/wp\/v2\/posts\/32700\/revisions"}],"predecessor-version":[{"id":32702,"href":"https:\/\/todoapulmon-rafaela.com\/index.php\/wp-json\/wp\/v2\/posts\/32700\/revisions\/32702"}],"wp:featuredmedia":[{"embeddable":true,"href":"https:\/\/todoapulmon-rafaela.com\/index.php\/wp-json\/wp\/v2\/media\/32701"}],"wp:attachment":[{"href":"https:\/\/todoapulmon-rafaela.com\/index.php\/wp-json\/wp\/v2\/media?parent=32700"}],"wp:term":[{"taxonomy":"category","embeddable":true,"href":"https:\/\/todoapulmon-rafaela.com\/index.php\/wp-json\/wp\/v2\/categories?post=32700"},{"taxonomy":"post_tag","embeddable":true,"href":"https:\/\/todoapulmon-rafaela.com\/index.php\/wp-json\/wp\/v2\/tags?post=32700"}],"curies":[{"name":"wp","href":"https:\/\/api.w.org\/{rel}","templated":true}]}}