{"id":32648,"date":"2022-07-11T22:12:21","date_gmt":"2022-07-11T22:12:21","guid":{"rendered":"https:\/\/todoapulmon-rafaela.com\/?p=32648"},"modified":"2022-07-11T22:12:21","modified_gmt":"2022-07-11T22:12:21","slug":"la-ultra-amanecer-comechingon-con-varias-presencias-rafaelinas","status":"publish","type":"post","link":"https:\/\/todoapulmon-rafaela.com\/index.php\/2022\/07\/11\/la-ultra-amanecer-comechingon-con-varias-presencias-rafaelinas\/","title":{"rendered":"La Ultra Amanecer Comeching\u00f3n con varias presencias rafaelinas"},"content":{"rendered":"<p>Durante el fin de semana se desarroll\u00f3 en Villa Yacanto, C\u00f3rdoba, la tradicional Ultra Amanecer Comeching\u00f3n. Se trata de una carrera de Trail en monta\u00f1a de participaci\u00f3n individual. En el 2022 en su 10\u00aa edici\u00f3n present\u00f3 8 opciones de distancias 10k, 15k, 26k, marat\u00f3n de monta\u00f1a 42k; y las 4 ultras de 55, 70, 110k, y 100 Millas.<\/p>\n<p>Cabe destacar que fue elegida para el <strong>Campeonato Argentino de Monta\u00f1a<\/strong>, en sus categor\u00edas de corta y de ultra distancia. Por un lado, los 15 kil\u00f3metros contaron con mil metros de desnivel acumulado, mientras que los 70 kil\u00f3metros con casi tres mil metros de desnivel.<\/p>\n<p>Rosa Godoy y Brian Burgos fueron campeones en la especialidad Classic, de 15 km; mientras que en ultra, 70km, se consagraron Luciano Pilatti, y en punta compartida en damas, Ver\u00f3nica Ramirez y Adriana Vargas.<\/p>\n<p>VARIOS RAFAELINOS PRESENTES<\/p>\n<p>110 KILOMETROS<\/p>\n<p>GERMAN DEL VALLE EGGEL 19:27:30<\/p>\n<p>SERGIO PARISI 25:03:59<\/p>\n<p>70 KILOMETROS<\/p>\n<p>LUIS GUTI\u00c9RREZ 40 a 49 a\u00f1os\u00a0 13:37:06.<br \/>\nJUAN M. ALFONSO PAIRONE 15:08:49<\/p>\n<p>42k PLUS<br \/>\nSANTIAGO EBERHARDT 05:24:46<br \/>\nFABIAN MONTI 08:38:51<\/p>\n<p>42K<br \/>\nDENISE DIAZ\u00a0 05:23:26<\/p>\n<p>26K<br \/>\nJONATAN HEIT 04:15:09<br \/>\nMARCOS GIUSTA\u00a0 04:19:58<\/p>\n<p>FRANCO SCANDALO\u00a0 04:48:09<\/p>\n<p>15k<br \/>\nAGUSTIN PECANTET\u00a0 01:18:14<br \/>\nLUCAS ACTIS DATTO 01:45:29<br \/>\nHUGO JOS\u00c9 SCANDALO 02:16:48<br \/>\nJOS\u00c9 FARIAS\u00a0 03:08:09<\/p>\n<p>10K<br \/>\n64 SOL PARISI 01:34:48<br \/>\nLUISA HABERKON (primera en categor\u00eda 60 a\u00f1os y m\u00e1s femenino) 01:48:28<\/p>\n<p>JULIETA SANTAGOSTINO\u00a0 02:00:52<br \/>\nGISELA EIER 02:11:36<br \/>\nSILVIA RIQUEL 02:22:05<br \/>\nALDANA MO\u00a0 02:28:28.<\/p>\n","protected":false},"excerpt":{"rendered":"<p>Durante el fin de semana se desarroll\u00f3 en Villa Yacanto, C\u00f3rdoba, la tradicional Ultra Amanecer Comeching\u00f3n. Se trata de una<\/p>\n","protected":false},"author":2,"featured_media":32649,"comment_status":"open","ping_status":"open","sticky":false,"template":"","format":"standard","meta":{"footnotes":""},"categories":[7,24],"tags":[],"class_list":["post-32648","post","type-post","status-publish","format-standard","has-post-thumbnail","hentry","category-atletismo","category-noticias-destacadas"],"cc_featured_image_caption":{"caption_text":"Germ\u00e1n del Valle Eggel realiz\u00f3 110 kil\u00f3metros. Qued\u00f3 15\u00ba en su categor\u00eda con un tiempo de 19h27m.","source_text":"","source_url":""},"_links":{"self":[{"href":"https:\/\/todoapulmon-rafaela.com\/index.php\/wp-json\/wp\/v2\/posts\/32648"}],"collection":[{"href":"https:\/\/todoapulmon-rafaela.com\/index.php\/wp-json\/wp\/v2\/posts"}],"about":[{"href":"https:\/\/todoapulmon-rafaela.com\/index.php\/wp-json\/wp\/v2\/types\/post"}],"author":[{"embeddable":true,"href":"https:\/\/todoapulmon-rafaela.com\/index.php\/wp-json\/wp\/v2\/users\/2"}],"replies":[{"embeddable":true,"href":"https:\/\/todoapulmon-rafaela.com\/index.php\/wp-json\/wp\/v2\/comments?post=32648"}],"version-history":[{"count":1,"href":"https:\/\/todoapulmon-rafaela.com\/index.php\/wp-json\/wp\/v2\/posts\/32648\/revisions"}],"predecessor-version":[{"id":32650,"href":"https:\/\/todoapulmon-rafaela.com\/index.php\/wp-json\/wp\/v2\/posts\/32648\/revisions\/32650"}],"wp:featuredmedia":[{"embeddable":true,"href":"https:\/\/todoapulmon-rafaela.com\/index.php\/wp-json\/wp\/v2\/media\/32649"}],"wp:attachment":[{"href":"https:\/\/todoapulmon-rafaela.com\/index.php\/wp-json\/wp\/v2\/media?parent=32648"}],"wp:term":[{"taxonomy":"category","embeddable":true,"href":"https:\/\/todoapulmon-rafaela.com\/index.php\/wp-json\/wp\/v2\/categories?post=32648"},{"taxonomy":"post_tag","embeddable":true,"href":"https:\/\/todoapulmon-rafaela.com\/index.php\/wp-json\/wp\/v2\/tags?post=32648"}],"curies":[{"name":"wp","href":"https:\/\/api.w.org\/{rel}","templated":true}]}}