{"id":32638,"date":"2022-07-11T02:12:40","date_gmt":"2022-07-11T02:12:40","guid":{"rendered":"https:\/\/todoapulmon-rafaela.com\/?p=32638"},"modified":"2022-07-11T02:12:40","modified_gmt":"2022-07-11T02:12:40","slug":"parque-metropolitano-el-intendente-dialogo-con-la-comision-directiva-del-club-9-de-julio","status":"publish","type":"post","link":"https:\/\/todoapulmon-rafaela.com\/index.php\/2022\/07\/11\/parque-metropolitano-el-intendente-dialogo-con-la-comision-directiva-del-club-9-de-julio\/","title":{"rendered":"Parque Metropolitano: el Intendente dialog\u00f3 con la comisi\u00f3n directiva del Club 9 de Julio"},"content":{"rendered":"<p>El Parque Metropolitano ser\u00e1 un espacio 66 hect\u00e1reas que estar\u00e1n ubicadas en el sector sur-oeste de nuestra ciudad, detr\u00e1s del predio de la UNRaf.<\/p>\n<p>Su creaci\u00f3n busca establecer un espacio verde como aporte frente al cambio clim\u00e1tico, combinando esparcimiento, actividades deportivas, educaci\u00f3n ambiental y el contacto de los habitantes con la naturaleza.<\/p>\n<p>Dentro de sus caracter\u00edsticas diferenciales se determin\u00f3 que no sea un parque llano, sino que tendr\u00e1 depresiones y lomadas. Habr\u00e1 arboleda aut\u00f3ctona, lugares para que pueda practicarse senderismo, caminar, correr, andar en bicicleta.<\/p>\n<p>Luis Castellano asisti\u00f3 a un encuentro con la comisi\u00f3n directiva del Club 9 de Julio ya que esta instituci\u00f3n cuenta con un predio lindante al espacio donde se emplazar\u00e1 el Parque Metropolitano, y desarrollar\u00e1 sus actividades vinculadas a este espacio verde.<\/p>\n<p>Al respecto, desde el Municipio se pretende sociabilizar el proyecto con diferentes actores de la sociedad, contando acerca de las distintas etapas que conllevar\u00e1 la creaci\u00f3n del parque.<\/p>\n<p>El Intendente estuvo acompa\u00f1ado por Mar\u00eda Paz Caruso, directora del Instituto para el Desarrollo Sustentable y secretaria de Ambiente y Movilidad; Ignacio Podio, subsecretario de Deportes y Recreaci\u00f3n; Diego Peiretti, secretario de Producci\u00f3n, Empleo e Innovaci\u00f3n y Diego Martino, secretario de Desarrollo Urbano y Metropolitano.<\/p>\n<p>Luis Castellano explic\u00f3: \u00abNosotros en la ciudad, todos los fines de semana, podemos ver la enorme necesidad que los rafaelinos y rafaelinas tienen de disfrutar de los espacios verdes. Lo vemos ac\u00e1 y tambi\u00e9n en las familias que se trasladan a otros lugares, a otras ciudades\u00bb.<\/p>\n<p>\u00abTuvimos la oportunidad de adquirir 66 hect\u00e1reas que sirven ahora como laguna de retardo, atr\u00e1s de lo que es UNRaf. Esto es una ayuda muy clara a la retenci\u00f3n de agua que viene del campo para que no entre a la ciudad. Ese sector est\u00e1 pensado y vamos a transformarlo en un gran parque regional\u00bb, agreg\u00f3.<\/p>\n<p>Por su parte, Diego Martino coment\u00f3 que \u00abla idea del Parque Metropolitano est\u00e1 avanzando. Ya tiene un desarrollo importante. El Club 9 de Julio tiene un predio de cuatro hect\u00e1reas pegado al parque. Por eso, la idea fue contarle a la comisi\u00f3n directiva en qu\u00e9 instancia del desarrollo del proyecto nos encontramos para tratar de que su predio, dada la funci\u00f3n que tiene, af\u00edn a lo que se va a desarrollar en el parque, forme parte del conjunto desde el punto de vista del dise\u00f1o, de la conectividad. Por ella el objetivo de esta reuni\u00f3n fue, justamente, plantear de trabajar en conjunto para que su predio forme parte de este gran sistema del Parque Metropolitano\u00bb.<\/p>\n<p>Hugo Morel, presidente del Club 9 de Julio se refiri\u00f3 al encuentro, expresando que \u00absiempre es una alegr\u00eda recibir al Intendente en nuestra casa, en esta oportunidad para compartirnos el proyecto del Parque Metropolitano, y la verdad que todos nos vimos sorprendidos gratamente por las dimensiones que tiene, por lo que va a significar para la ciudad\u00bb.<\/p>\n<p>Y aport\u00f3 adem\u00e1s que \u00abcomo el Club cuenta con un terreno que va a quedar incluido en lo que es el parque, fuimos intercambiando algunas ideas y proyectos para, mancomunadamente, empezar a trabajar en este proyecto, el del campo deportivo, que nosotros so\u00f1amos como Club y que la Intendencia sue\u00f1a para la ciudad\u00bb.<\/p>\n<p>Es importante aclarar en este punto que las hect\u00e1reas con que cuenta el Club 9 de Julio, hab\u00edan sido cedidas oportunamente por el Municipio.<\/p>\n<p><b>Construcci\u00f3n en etapas<\/b><br \/>\nEl parque se va a ir construyendo por etapas, con fondos provinciales y nacionales.<\/p>\n<p>Se trata de la consolidaci\u00f3n de las diez hect\u00e1reas que tiene el campus de UNRaf, con la continuidad hacia el oeste y hacia el sur de esto, que ser\u00e1 una zona la cual se vincular\u00e1, y donde el verde tendr\u00e1 preponderancia, con la ciclov\u00eda, con Avenida Podio, y con los barrios Villa Aero Club, Villa Los \u00c1lamos y Brigadier L\u00f3pez.<\/p>\n","protected":false},"excerpt":{"rendered":"<p>El Parque Metropolitano ser\u00e1 un espacio 66 hect\u00e1reas que estar\u00e1n ubicadas en el sector sur-oeste de nuestra ciudad, detr\u00e1s del<\/p>\n","protected":false},"author":2,"featured_media":32639,"comment_status":"open","ping_status":"open","sticky":false,"template":"","format":"standard","meta":{"footnotes":""},"categories":[1],"tags":[],"class_list":["post-32638","post","type-post","status-publish","format-standard","has-post-thumbnail","hentry","category-sin-categoria"],"cc_featured_image_caption":{"caption_text":"FOTO PRENSA MUNICIPALIDAD DE RAFAELA","source_text":"","source_url":""},"_links":{"self":[{"href":"https:\/\/todoapulmon-rafaela.com\/index.php\/wp-json\/wp\/v2\/posts\/32638"}],"collection":[{"href":"https:\/\/todoapulmon-rafaela.com\/index.php\/wp-json\/wp\/v2\/posts"}],"about":[{"href":"https:\/\/todoapulmon-rafaela.com\/index.php\/wp-json\/wp\/v2\/types\/post"}],"author":[{"embeddable":true,"href":"https:\/\/todoapulmon-rafaela.com\/index.php\/wp-json\/wp\/v2\/users\/2"}],"replies":[{"embeddable":true,"href":"https:\/\/todoapulmon-rafaela.com\/index.php\/wp-json\/wp\/v2\/comments?post=32638"}],"version-history":[{"count":1,"href":"https:\/\/todoapulmon-rafaela.com\/index.php\/wp-json\/wp\/v2\/posts\/32638\/revisions"}],"predecessor-version":[{"id":32640,"href":"https:\/\/todoapulmon-rafaela.com\/index.php\/wp-json\/wp\/v2\/posts\/32638\/revisions\/32640"}],"wp:featuredmedia":[{"embeddable":true,"href":"https:\/\/todoapulmon-rafaela.com\/index.php\/wp-json\/wp\/v2\/media\/32639"}],"wp:attachment":[{"href":"https:\/\/todoapulmon-rafaela.com\/index.php\/wp-json\/wp\/v2\/media?parent=32638"}],"wp:term":[{"taxonomy":"category","embeddable":true,"href":"https:\/\/todoapulmon-rafaela.com\/index.php\/wp-json\/wp\/v2\/categories?post=32638"},{"taxonomy":"post_tag","embeddable":true,"href":"https:\/\/todoapulmon-rafaela.com\/index.php\/wp-json\/wp\/v2\/tags?post=32638"}],"curies":[{"name":"wp","href":"https:\/\/api.w.org\/{rel}","templated":true}]}}