{"id":326,"date":"2016-04-10T15:21:39","date_gmt":"2016-04-10T15:21:39","guid":{"rendered":"http:\/\/todoapulmon-rafaela.com\/?p=326"},"modified":"2016-04-10T15:21:39","modified_gmt":"2016-04-10T15:21:39","slug":"claudio-beltramo-se-destaco-en-el-calafate","status":"publish","type":"post","link":"https:\/\/todoapulmon-rafaela.com\/index.php\/2016\/04\/10\/claudio-beltramo-se-destaco-en-el-calafate\/","title":{"rendered":"Claudio Beltramo se destac\u00f3 en El Calafate"},"content":{"rendered":"<p>El s\u00e1bado 9 de abril se desarroll\u00f3 en El Calafate, Santa Cruz, la denominada \u00abMarat\u00f3n del Glaciar\u00bb. En esta prueba atl\u00e9tica de 21 y 10k tuvo un gran desempe\u00f1o en la distancia menor el rafaelino Claudio Beltramo, que ocup\u00f3 el quinto puesto de la clasificaci\u00f3n general, y el segundo en su categor\u00eda de 30 a 39 a\u00f1os, con un tiempo de 41m20s. El ganador en esta distancia fue Adri\u00e1n Gordillo Cejas, de La Plata, con 35m42s.<br \/>\nDe la competencia en esta distancia tomaron parte 140 corredores. En la media marat\u00f3n se impuso Eulalio Mu\u00f1oz, de Esquel, con 1h11m52s.<br \/>\nDel del evento tomaron deportistas amateurs y profesionales de diferentes regiones argentinas y de otros pa\u00edses, motivados por el hecho de correr en un lugar de tan alto reconocimiento tur\u00edstico, como es el Parque Nacional los Glaciares.<br \/>\nEl principal desaf\u00edo de la competencia es transitar al aire libre por este \u00fanico y espectacular paisaje. La totalidad de ambos recorridos se realiza sobre el asfalto.<img loading=\"lazy\" decoding=\"async\" class=\"alignnone size-medium wp-image-329\" src=\"http:\/\/todoapulmon-rafaela.com\/wp-content\/uploads\/2016\/04\/12959276_843388745784097_910760663_o-300x169.jpg\" alt=\"12959276_843388745784097_910760663_o\" width=\"300\" height=\"169\" srcset=\"https:\/\/todoapulmon-rafaela.com\/wp-content\/uploads\/2016\/04\/12959276_843388745784097_910760663_o-300x169.jpg 300w, https:\/\/todoapulmon-rafaela.com\/wp-content\/uploads\/2016\/04\/12959276_843388745784097_910760663_o-768x432.jpg 768w, https:\/\/todoapulmon-rafaela.com\/wp-content\/uploads\/2016\/04\/12959276_843388745784097_910760663_o-1024x576.jpg 1024w, https:\/\/todoapulmon-rafaela.com\/wp-content\/uploads\/2016\/04\/12959276_843388745784097_910760663_o.jpg 1032w\" sizes=\"(max-width: 300px) 100vw, 300px\" \/><img loading=\"lazy\" decoding=\"async\" class=\"alignnone size-medium wp-image-330\" src=\"http:\/\/todoapulmon-rafaela.com\/wp-content\/uploads\/2016\/04\/12986553_843388439117461_1936308643_o-1-300x230.jpg\" alt=\"12986553_843388439117461_1936308643_o\" width=\"300\" height=\"230\" srcset=\"https:\/\/todoapulmon-rafaela.com\/wp-content\/uploads\/2016\/04\/12986553_843388439117461_1936308643_o-1-300x230.jpg 300w, https:\/\/todoapulmon-rafaela.com\/wp-content\/uploads\/2016\/04\/12986553_843388439117461_1936308643_o-1.jpg 632w\" sizes=\"(max-width: 300px) 100vw, 300px\" \/><\/p>\n","protected":false},"excerpt":{"rendered":"<p>El s\u00e1bado 9 de abril se desarroll\u00f3 en El Calafate, Santa Cruz, la denominada \u00abMarat\u00f3n del Glaciar\u00bb. En esta prueba<\/p>\n","protected":false},"author":2,"featured_media":328,"comment_status":"open","ping_status":"open","sticky":false,"template":"","format":"standard","meta":{"footnotes":""},"categories":[7],"tags":[],"class_list":["post-326","post","type-post","status-publish","format-standard","has-post-thumbnail","hentry","category-atletismo"],"cc_featured_image_caption":{"caption_text":"El atleta de nuestra ciudad durante una parte de la competencia.","source_text":"","source_url":""},"_links":{"self":[{"href":"https:\/\/todoapulmon-rafaela.com\/index.php\/wp-json\/wp\/v2\/posts\/326"}],"collection":[{"href":"https:\/\/todoapulmon-rafaela.com\/index.php\/wp-json\/wp\/v2\/posts"}],"about":[{"href":"https:\/\/todoapulmon-rafaela.com\/index.php\/wp-json\/wp\/v2\/types\/post"}],"author":[{"embeddable":true,"href":"https:\/\/todoapulmon-rafaela.com\/index.php\/wp-json\/wp\/v2\/users\/2"}],"replies":[{"embeddable":true,"href":"https:\/\/todoapulmon-rafaela.com\/index.php\/wp-json\/wp\/v2\/comments?post=326"}],"version-history":[{"count":1,"href":"https:\/\/todoapulmon-rafaela.com\/index.php\/wp-json\/wp\/v2\/posts\/326\/revisions"}],"predecessor-version":[{"id":331,"href":"https:\/\/todoapulmon-rafaela.com\/index.php\/wp-json\/wp\/v2\/posts\/326\/revisions\/331"}],"wp:featuredmedia":[{"embeddable":true,"href":"https:\/\/todoapulmon-rafaela.com\/index.php\/wp-json\/wp\/v2\/media\/328"}],"wp:attachment":[{"href":"https:\/\/todoapulmon-rafaela.com\/index.php\/wp-json\/wp\/v2\/media?parent=326"}],"wp:term":[{"taxonomy":"category","embeddable":true,"href":"https:\/\/todoapulmon-rafaela.com\/index.php\/wp-json\/wp\/v2\/categories?post=326"},{"taxonomy":"post_tag","embeddable":true,"href":"https:\/\/todoapulmon-rafaela.com\/index.php\/wp-json\/wp\/v2\/tags?post=326"}],"curies":[{"name":"wp","href":"https:\/\/api.w.org\/{rel}","templated":true}]}}