{"id":32573,"date":"2022-07-08T17:26:40","date_gmt":"2022-07-08T17:26:40","guid":{"rendered":"https:\/\/todoapulmon-rafaela.com\/?p=32573"},"modified":"2022-07-08T17:27:32","modified_gmt":"2022-07-08T17:27:32","slug":"la-ciudad-suma-nuevos-puntos-sanos","status":"publish","type":"post","link":"https:\/\/todoapulmon-rafaela.com\/index.php\/2022\/07\/08\/la-ciudad-suma-nuevos-puntos-sanos\/","title":{"rendered":"La ciudad suma nuevos \u00abPunto Sano\u00bb"},"content":{"rendered":"<p dir=\"ltr\">En el marco de las acciones de mejora que la Secretar\u00eda de Ambiente y Movilidad realiza en parques y plazas de la ciudad, se finaliz\u00f3 la colocaci\u00f3n de los nuevos \u00abPunto Sano\u00bb con equipamiento deportivo en los barrios Italia y Nuestra Se\u00f1ora de Luj\u00e1n. En breve iniciar\u00e1n los trabajos de la platea de hormig\u00f3n en barrio El Bosque.<\/p>\n<p dir=\"ltr\">Este tipo de equipamientos, son estructuras muy solicitadas que ayudan a poner en valor el espacio p\u00fablico y que complementan sectores donde se realizan actividades al aire libre. Existen diversas plazas y espacios verdes de nuestra ciudad que ya cuentan con este tipo de estructuras.<\/p>\n<p dir=\"ltr\">La Secretar\u00eda de Ambiente y Movilidad, Mar\u00eda Paz Caruso, manifest\u00f3:\u00a0 \u201cComo se\u00f1alamos en otras oportunidades, la pandemia puso en valor la necesidad del contacto con la naturaleza, del espacio p\u00fablico y de la vida saludable. Por eso, el Estado local trabaja en la mejora y el mantenimiento continuo de parques, plazas y paseos a partir de un plan integral realizando intervenciones como son estos nuevos Puntos Sanos\u201d.<\/p>\n<p dir=\"ltr\">\u201cEs importante avanzar con estas iniciativas que promueven el cuidado de la salud y el uso de los sectores compartidos, pero tambi\u00e9n es necesario que como ciudadanos nos comprometamos a cuidarlos, ya que lamentablemente muchos espacios p\u00fablicos sufren actos de vandalismo en sus estructuras y mobiliarios, que impiden que la ciudadan\u00eda pueda disfrutarlos\u201d, agreg\u00f3.<\/p>\n<p dir=\"ltr\"><strong>Normativa y tareas<\/strong><\/p>\n<p dir=\"ltr\">En el marco del Decreto N.\u00b0 52.000, el municipio concret\u00f3 la adquisici\u00f3n de 40 unidades para el equipamiento deportivo y construcci\u00f3n de nuevas estaciones saludables, que comenzaron a ser instaladas progresivamente en diversos espacios de Rafaela. Generalmente se instalan en conjuntos, entre 5 y 10 unidades dependiendo el espacio disponible.<\/p>\n<p dir=\"ltr\">La primera intervenci\u00f3n se llev\u00f3 adelante en la plaza del barrio Nuestra Se\u00f1ora de Luj\u00e1n, que cuenta con cinco unidades deportivas que ya pueden disfrutar los ciudadanos.<\/p>\n<p dir=\"ltr\">El presidente vecinal del barrio Nuestra Se\u00f1ora de Luj\u00e1n, Fernando Lionetto, habl\u00f3 sobre la incorporaci\u00f3n de estas estructuras en el sector: \u201cLa Comisi\u00f3n Vecinal a fines del a\u00f1o pasado recibi\u00f3, por parte de los vecinos, la necesidad de instalar un Punto Sano en nuestra plaza y, gracias a la predisposici\u00f3n de la Secretar\u00eda de Ambiente y Movilidad, pudimos concretar la colocaci\u00f3n en mayo de este a\u00f1o. Eso llev\u00f3 a que en la plaza haya much\u00edsima m\u00e1s movilidad de gente; muchos vecinos de todas las edades le est\u00e1n dando uso para realizar actividad f\u00edsica, sobre todo en el horario de la siesta. Si bien ya ten\u00edamos juegos en nuestra plaza, con la colocaci\u00f3n de este punto, la convocatoria aument\u00f3 y la plaza cobr\u00f3 m\u00e1s vida\u201d.<\/p>\n<p dir=\"ltr\">Una obra similar se realiz\u00f3 en calle Joaqu\u00edn V. Gonz\u00e1lez y Chaco, del barrio Italia, donde el nuevo Punto Sano que ya est\u00e1 habilitado, cuenta con diez unidades deportivas para la realizaci\u00f3n de actividades f\u00edsicas y busca seguir potenciando este sector de la ciudad. Ya que adem\u00e1s, del espacio exclusivo para ciclistas, ahora tambi\u00e9n existir\u00e1 la posibilidad de hacer ejercicios con aparatos espec\u00edficos.<\/p>\n<p dir=\"ltr\">Finalmente, en breve se realizar\u00e1 la platea de hormig\u00f3n para la colocaci\u00f3n de un Punto Sano en la plaza del barrio El Bosque, que contar\u00e1 tambi\u00e9n con 10 unidades deportivas para que los habitantes del sector, disfruten del espacio verde que progresivamente se va desarrollando.<\/p>\n","protected":false},"excerpt":{"rendered":"<p>En el marco de las acciones de mejora que la Secretar\u00eda de Ambiente y Movilidad realiza en parques y plazas<\/p>\n","protected":false},"author":2,"featured_media":32574,"comment_status":"open","ping_status":"open","sticky":false,"template":"","format":"standard","meta":{"footnotes":""},"categories":[1],"tags":[],"class_list":["post-32573","post","type-post","status-publish","format-standard","has-post-thumbnail","hentry","category-sin-categoria"],"cc_featured_image_caption":{"caption_text":"Foto Prensa Municipalidad de Rafaela","source_text":"","source_url":""},"_links":{"self":[{"href":"https:\/\/todoapulmon-rafaela.com\/index.php\/wp-json\/wp\/v2\/posts\/32573"}],"collection":[{"href":"https:\/\/todoapulmon-rafaela.com\/index.php\/wp-json\/wp\/v2\/posts"}],"about":[{"href":"https:\/\/todoapulmon-rafaela.com\/index.php\/wp-json\/wp\/v2\/types\/post"}],"author":[{"embeddable":true,"href":"https:\/\/todoapulmon-rafaela.com\/index.php\/wp-json\/wp\/v2\/users\/2"}],"replies":[{"embeddable":true,"href":"https:\/\/todoapulmon-rafaela.com\/index.php\/wp-json\/wp\/v2\/comments?post=32573"}],"version-history":[{"count":2,"href":"https:\/\/todoapulmon-rafaela.com\/index.php\/wp-json\/wp\/v2\/posts\/32573\/revisions"}],"predecessor-version":[{"id":32576,"href":"https:\/\/todoapulmon-rafaela.com\/index.php\/wp-json\/wp\/v2\/posts\/32573\/revisions\/32576"}],"wp:featuredmedia":[{"embeddable":true,"href":"https:\/\/todoapulmon-rafaela.com\/index.php\/wp-json\/wp\/v2\/media\/32574"}],"wp:attachment":[{"href":"https:\/\/todoapulmon-rafaela.com\/index.php\/wp-json\/wp\/v2\/media?parent=32573"}],"wp:term":[{"taxonomy":"category","embeddable":true,"href":"https:\/\/todoapulmon-rafaela.com\/index.php\/wp-json\/wp\/v2\/categories?post=32573"},{"taxonomy":"post_tag","embeddable":true,"href":"https:\/\/todoapulmon-rafaela.com\/index.php\/wp-json\/wp\/v2\/tags?post=32573"}],"curies":[{"name":"wp","href":"https:\/\/api.w.org\/{rel}","templated":true}]}}