{"id":32531,"date":"2022-07-06T17:42:50","date_gmt":"2022-07-06T17:42:50","guid":{"rendered":"https:\/\/todoapulmon-rafaela.com\/?p=32531"},"modified":"2022-07-06T17:42:50","modified_gmt":"2022-07-06T17:42:50","slug":"exitoso-regional-de-karate-en-el-club-almagro","status":"publish","type":"post","link":"https:\/\/todoapulmon-rafaela.com\/index.php\/2022\/07\/06\/exitoso-regional-de-karate-en-el-club-almagro\/","title":{"rendered":"Exitoso Regional de Karate en el Club Almagro"},"content":{"rendered":"<p>El domingo 3 de julio se realiz\u00f3 el Torneo Regional de Karate, escuela Kyudokan, organizado por el Dojo del Club Almagro de Rafaela. El mismo cont\u00f3 con la presencia de alrededor de 70 competidores en representaci\u00f3n de\u00a0 San Francisco, Porte\u00f1a, Brinkmann, Morteros , entre las ciudades de la provincia de C\u00f3rdoba, y Villa Trinidad, Suardi, Sunchales, Rafaela, de la provincia de Santa Fe.<\/p>\n<p>Las posiciones de los representantes del Dojo Almagro fueron las siguientes:<br \/>\n<strong>Mart\u00edn Gilli:<\/strong> 3\u00b0 puesto Kata Danes.<\/p>\n<p><strong>Triana Ram\u00edrez:<\/strong> 1\u00b0 puesto Kata Mixto Juveniles y 1\u00b0 puesto Kumite Damas Juveniles.<\/p>\n<p><strong>Mateo Moncada:<\/strong> 3\u00b0 puesto Kumite Caballeros Juveniles.<br \/>\n<strong>Francisco Villegas:<\/strong> 1\u00b0 puesto Kumite Caballeros Juveniles.<br \/>\n<strong>Tiziano Oesquer:<\/strong> 3\u00b0 puesto Kata Mixto Juveniles.<br \/>\n<strong>Nicol\u00e1s Echevarr\u00eda:<\/strong> 2\u00b0 puesto Kata Mixto 11 y 12 a\u00f1os y 1\u00b0 puesto Kumite Caballeros 11 y 12 a\u00f1os.<br \/>\n<strong>Facundo Aiassa:<\/strong> 2\u00b0 puesto Kata Mixto 9 y 10 a\u00f1os.<br \/>\n<strong>Axel Navarro:<\/strong> 1\u00b0 puesto Kata\u00a0 Mixto 9 y 10 a\u00f1os y 2\u00b0 puesto Kumite Caballeros 9 y 10 a\u00f1os.<br \/>\n<strong>Genaro Viotti:<\/strong> 3\u00b0 puesto Kata Mixto 9 y 10 a\u00f1os.<br \/>\nA<strong>. Navarro, T. Moncada, D. Avalos<\/strong>: 2\u00b0 puesto Kata Mixto Equipos hasta 12 a\u00f1os.<\/p>\n","protected":false},"excerpt":{"rendered":"<p>El domingo 3 de julio se realiz\u00f3 el Torneo Regional de Karate, escuela Kyudokan, organizado por el Dojo del Club<\/p>\n","protected":false},"author":2,"featured_media":32532,"comment_status":"open","ping_status":"open","sticky":false,"template":"","format":"standard","meta":{"footnotes":""},"categories":[18,24],"tags":[],"class_list":["post-32531","post","type-post","status-publish","format-standard","has-post-thumbnail","hentry","category-artes-marciales","category-noticias-destacadas"],"cc_featured_image_caption":{"caption_text":"Los representantes de Almagro junto al instructor Carlos Abelda\u00f1o. (Foto prensa Almagro).","source_text":"","source_url":""},"_links":{"self":[{"href":"https:\/\/todoapulmon-rafaela.com\/index.php\/wp-json\/wp\/v2\/posts\/32531"}],"collection":[{"href":"https:\/\/todoapulmon-rafaela.com\/index.php\/wp-json\/wp\/v2\/posts"}],"about":[{"href":"https:\/\/todoapulmon-rafaela.com\/index.php\/wp-json\/wp\/v2\/types\/post"}],"author":[{"embeddable":true,"href":"https:\/\/todoapulmon-rafaela.com\/index.php\/wp-json\/wp\/v2\/users\/2"}],"replies":[{"embeddable":true,"href":"https:\/\/todoapulmon-rafaela.com\/index.php\/wp-json\/wp\/v2\/comments?post=32531"}],"version-history":[{"count":1,"href":"https:\/\/todoapulmon-rafaela.com\/index.php\/wp-json\/wp\/v2\/posts\/32531\/revisions"}],"predecessor-version":[{"id":32533,"href":"https:\/\/todoapulmon-rafaela.com\/index.php\/wp-json\/wp\/v2\/posts\/32531\/revisions\/32533"}],"wp:featuredmedia":[{"embeddable":true,"href":"https:\/\/todoapulmon-rafaela.com\/index.php\/wp-json\/wp\/v2\/media\/32532"}],"wp:attachment":[{"href":"https:\/\/todoapulmon-rafaela.com\/index.php\/wp-json\/wp\/v2\/media?parent=32531"}],"wp:term":[{"taxonomy":"category","embeddable":true,"href":"https:\/\/todoapulmon-rafaela.com\/index.php\/wp-json\/wp\/v2\/categories?post=32531"},{"taxonomy":"post_tag","embeddable":true,"href":"https:\/\/todoapulmon-rafaela.com\/index.php\/wp-json\/wp\/v2\/tags?post=32531"}],"curies":[{"name":"wp","href":"https:\/\/api.w.org\/{rel}","templated":true}]}}