{"id":32441,"date":"2022-07-03T23:15:40","date_gmt":"2022-07-03T23:15:40","guid":{"rendered":"https:\/\/todoapulmon-rafaela.com\/?p=32441"},"modified":"2022-07-03T23:15:40","modified_gmt":"2022-07-03T23:15:40","slug":"gran-convocatoria-en-el-inicio-de-ciclismo-en-los-barrios","status":"publish","type":"post","link":"https:\/\/todoapulmon-rafaela.com\/index.php\/2022\/07\/03\/gran-convocatoria-en-el-inicio-de-ciclismo-en-los-barrios\/","title":{"rendered":"Gran convocatoria en el inicio de Ciclismo en los Barrios"},"content":{"rendered":"<div>\n<div>Este domingo, avenida Arist\u00f3bulo del Vallle, entre Zeballos y Paraguay, fue el punto de encuentro para realizar la primera fecha del a\u00f1o del a\u00f1o del tradicional programa \u00abCiclismo en los Barrios\u00bb, en el cual participaron m\u00e1s de 100 chicos y chicas de 5 a 12 a\u00f1os.<\/div>\n<div><\/div>\n<div>Ciclismo en los Barrios es un programa de la Subsecretar\u00eda de Deportes y Recreaci\u00f3n, que cuenta con una vasta trayectoria en la ciudad. Se viene realizando a trav\u00e9s de una gesti\u00f3n y organizaci\u00f3n conjunta entre el Club Ciclista y el municipio.<\/div>\n<div><\/div>\n<div>Este a\u00f1o el programa incorpor\u00f3 adem\u00e1s, a la Secretaria de Gobierno y Participaci\u00f3n, la cual incluy\u00f3 un circuito vial para que las categor\u00edas que a\u00fan no est\u00e9n compitiendo, puedan utilizarlo y aprender sobre leyes y educaci\u00f3n vial.<\/div>\n<div><\/div>\n<div>Durante la jornada se sorte\u00f3 una bici, gentileza del Senador Alcides Calvo. Adem\u00e1s, hubo premios para los ganadores de cada categor\u00eda, gentileza de Casa Delma, tortas y golosinas para todos los chicos y chicas participantes.<\/div>\n<div><\/div>\n<div>Se hicieron presentes por parte del municipio, la Secretaria de Desarrollo Humano, Myriam Villafa\u00f1e; el secretario de Gobierno y Participaci\u00f3n, Jorge Muriel y el subsecretario de Deportes y Recreaci\u00f3n, Ignacio Podio.<\/div>\n<div><\/div>\n<div>\u201cNos toc\u00f3 una jornada de domingo maravillosa, muy familiar, donde muchos ni\u00f1os y ni\u00f1as de estos sectores de la ciudad concurrieron con sus bicicletas a esta competici\u00f3n. Por nuestra parte estamos muy agradecidos con las familias que se han acercado aqu\u00ed a participar\u201d, destac\u00f3 Myriam Villafa\u00f1e.<\/div>\n<div><\/div>\n<div>\u201cEste es un programa que tiene que ver con las pol\u00edticas de infancias y juventudes que llevamos en la ciudad, garantizando el derecho al juego, as\u00ed que estamos muy contentos y agradecidos con quienes han asistido\u201d, agreg\u00f3.<\/div>\n<div><\/div>\n<div>Por su parte, el subsecretario de Deportes y Recreaci\u00f3n, Ignacio Podio, celebr\u00f3 la realizaci\u00f3n de la primera fecha de este programa: \u00abLo seguimos manteniendo por lo que significa para el municipio y tambi\u00e9n para el Club Ciclista, instituci\u00f3n que nos ayuda a organizarlo, y que es un semillero para dicho club. Han salido ciclistas muy importantes de este programa\u201d.<\/div>\n<div><img loading=\"lazy\" decoding=\"async\" class=\"alignnone size-full wp-image-32443\" src=\"https:\/\/todoapulmon-rafaela.com\/wp-content\/uploads\/2022\/07\/20220703_165043-scaled.jpg\" alt=\"\" width=\"2560\" height=\"1152\" srcset=\"https:\/\/todoapulmon-rafaela.com\/wp-content\/uploads\/2022\/07\/20220703_165043-scaled.jpg 2560w, https:\/\/todoapulmon-rafaela.com\/wp-content\/uploads\/2022\/07\/20220703_165043-300x135.jpg 300w, https:\/\/todoapulmon-rafaela.com\/wp-content\/uploads\/2022\/07\/20220703_165043-1536x691.jpg 1536w, https:\/\/todoapulmon-rafaela.com\/wp-content\/uploads\/2022\/07\/20220703_165043-2048x922.jpg 2048w\" sizes=\"(max-width: 2560px) 100vw, 2560px\" \/><\/div>\n<div>Jorge Muriel, secretario de Gobierno y Participaci\u00f3n hizo un enfoque vinculado al programa de seguridad Vial Qui\u00e9n Pierde?: \u201cEntend\u00edamos que este era el \u00e1mbito ideal para poder trabajar con los chicos en educaci\u00f3n vial. As\u00ed que a trav\u00e9s de nuestro programa de educaci\u00f3n y seguridad vial llamado Qui\u00e9n pierde? decidimos incorporarlo a Ciclismo en los Barrios, para ense\u00f1arle a los chicos las normas de tr\u00e1nsito. Entendemos que es un segmento importante con el que hay que trabajar\u201d.<\/div>\n<div><\/div>\n<div>Finalmente, Yamila, vecina del sector, quien se acerc\u00f3 con su hijo Juan, destac\u00f3 que \u201cel programa me pareci\u00f3 interesante. Es una actividad distinta para que los chicos compitan. El d\u00eda se prestaba. La idea es que los chicos puedan competir, pero sobre todo, que se diviertan\u201d.<\/div>\n<\/div>\n<div><\/div>\n","protected":false},"excerpt":{"rendered":"<p>Este domingo, avenida Arist\u00f3bulo del Vallle, entre Zeballos y Paraguay, fue el punto de encuentro para realizar la primera fecha<\/p>\n","protected":false},"author":2,"featured_media":32442,"comment_status":"open","ping_status":"open","sticky":false,"template":"","format":"standard","meta":{"footnotes":""},"categories":[4,24],"tags":[],"class_list":["post-32441","post","type-post","status-publish","format-standard","has-post-thumbnail","hentry","category-ciclismo","category-noticias-destacadas"],"cc_featured_image_caption":{"caption_text":"Foto Prensa Municipalidad","source_text":"","source_url":""},"_links":{"self":[{"href":"https:\/\/todoapulmon-rafaela.com\/index.php\/wp-json\/wp\/v2\/posts\/32441"}],"collection":[{"href":"https:\/\/todoapulmon-rafaela.com\/index.php\/wp-json\/wp\/v2\/posts"}],"about":[{"href":"https:\/\/todoapulmon-rafaela.com\/index.php\/wp-json\/wp\/v2\/types\/post"}],"author":[{"embeddable":true,"href":"https:\/\/todoapulmon-rafaela.com\/index.php\/wp-json\/wp\/v2\/users\/2"}],"replies":[{"embeddable":true,"href":"https:\/\/todoapulmon-rafaela.com\/index.php\/wp-json\/wp\/v2\/comments?post=32441"}],"version-history":[{"count":1,"href":"https:\/\/todoapulmon-rafaela.com\/index.php\/wp-json\/wp\/v2\/posts\/32441\/revisions"}],"predecessor-version":[{"id":32444,"href":"https:\/\/todoapulmon-rafaela.com\/index.php\/wp-json\/wp\/v2\/posts\/32441\/revisions\/32444"}],"wp:featuredmedia":[{"embeddable":true,"href":"https:\/\/todoapulmon-rafaela.com\/index.php\/wp-json\/wp\/v2\/media\/32442"}],"wp:attachment":[{"href":"https:\/\/todoapulmon-rafaela.com\/index.php\/wp-json\/wp\/v2\/media?parent=32441"}],"wp:term":[{"taxonomy":"category","embeddable":true,"href":"https:\/\/todoapulmon-rafaela.com\/index.php\/wp-json\/wp\/v2\/categories?post=32441"},{"taxonomy":"post_tag","embeddable":true,"href":"https:\/\/todoapulmon-rafaela.com\/index.php\/wp-json\/wp\/v2\/tags?post=32441"}],"curies":[{"name":"wp","href":"https:\/\/api.w.org\/{rel}","templated":true}]}}