{"id":3243,"date":"2016-10-21T19:19:20","date_gmt":"2016-10-21T19:19:20","guid":{"rendered":"http:\/\/todoapulmon-rafaela.com\/?p=3243"},"modified":"2016-10-21T19:19:20","modified_gmt":"2016-10-21T19:19:20","slug":"torneo-provincial-en-el-fronton-de-atletico","status":"publish","type":"post","link":"https:\/\/todoapulmon-rafaela.com\/index.php\/2016\/10\/21\/torneo-provincial-en-el-fronton-de-atletico\/","title":{"rendered":"Torneo Provincial en el front\u00f3n de Atl\u00e9tico"},"content":{"rendered":"<p>La Subcomisi\u00f3n de Pelota a Paleta del Club Atl\u00e9tico de Rafaela inform\u00f3 que este fin de semana, s\u00e1bado 22 y domingo 23 de octubre, dicha instituci\u00f3n ha sido designada por la Federaci\u00f3n Provincial de Pelota de Santa Fe para la organizaci\u00f3n de la final del Torneo Oficial de la Provincia en 3ra Categor\u00eda, de la cual participar\u00e1n 12 parejas de distintas localidades.<br \/>\nLos clubes clasificados son C. Castellanos y Gimnasia y Esgrima de Santa Fe; C.E.C. y Jockey Club de Venado Tuerto, Independiente de Cha\u00f1ar Ladeado, Jorge Newbery de Rufino, Federaci\u00f3n de Los Quirquinchos, Hurac\u00e1n de Rosario, Atl\u00e9tico Casilda y Atl\u00e9tico de Rafaela, que ser\u00e1 representado por los jugadores M. Briggiler, I. Fassi, J. P. Gays, M. Montoya, P. Peiretti y G. Ver\u00f3n.<\/p>\n<div>Todo comenzar\u00e1 el s\u00e1bado a partir de las 14:00 con las cuatro zonas de clasificaci\u00f3n, para luego continuar el domingo desde las 10:00 hs. con las dos semifinales y la final, y a la hora 13:30 continuar\u00e1 con el almuerzo con entrega de premios. Estar\u00e1 presente el Presidente de la Federaci\u00f3n de Pelota de Santa Fe, Luis Arduino.<\/div>\n","protected":false},"excerpt":{"rendered":"<p>La Subcomisi\u00f3n de Pelota a Paleta del Club Atl\u00e9tico de Rafaela inform\u00f3 que este fin de semana, s\u00e1bado 22 y<\/p>\n","protected":false},"author":2,"featured_media":3244,"comment_status":"open","ping_status":"open","sticky":false,"template":"","format":"standard","meta":{"footnotes":""},"categories":[1],"tags":[],"class_list":["post-3243","post","type-post","status-publish","format-standard","has-post-thumbnail","hentry","category-sin-categoria"],"cc_featured_image_caption":{"caption_text":"El front\u00f3n de Atl\u00e9tico ser\u00e1 escenario del certamen.","source_text":"","source_url":""},"_links":{"self":[{"href":"https:\/\/todoapulmon-rafaela.com\/index.php\/wp-json\/wp\/v2\/posts\/3243"}],"collection":[{"href":"https:\/\/todoapulmon-rafaela.com\/index.php\/wp-json\/wp\/v2\/posts"}],"about":[{"href":"https:\/\/todoapulmon-rafaela.com\/index.php\/wp-json\/wp\/v2\/types\/post"}],"author":[{"embeddable":true,"href":"https:\/\/todoapulmon-rafaela.com\/index.php\/wp-json\/wp\/v2\/users\/2"}],"replies":[{"embeddable":true,"href":"https:\/\/todoapulmon-rafaela.com\/index.php\/wp-json\/wp\/v2\/comments?post=3243"}],"version-history":[{"count":1,"href":"https:\/\/todoapulmon-rafaela.com\/index.php\/wp-json\/wp\/v2\/posts\/3243\/revisions"}],"predecessor-version":[{"id":3245,"href":"https:\/\/todoapulmon-rafaela.com\/index.php\/wp-json\/wp\/v2\/posts\/3243\/revisions\/3245"}],"wp:featuredmedia":[{"embeddable":true,"href":"https:\/\/todoapulmon-rafaela.com\/index.php\/wp-json\/wp\/v2\/media\/3244"}],"wp:attachment":[{"href":"https:\/\/todoapulmon-rafaela.com\/index.php\/wp-json\/wp\/v2\/media?parent=3243"}],"wp:term":[{"taxonomy":"category","embeddable":true,"href":"https:\/\/todoapulmon-rafaela.com\/index.php\/wp-json\/wp\/v2\/categories?post=3243"},{"taxonomy":"post_tag","embeddable":true,"href":"https:\/\/todoapulmon-rafaela.com\/index.php\/wp-json\/wp\/v2\/tags?post=3243"}],"curies":[{"name":"wp","href":"https:\/\/api.w.org\/{rel}","templated":true}]}}