{"id":32269,"date":"2022-06-26T18:03:01","date_gmt":"2022-06-26T18:03:01","guid":{"rendered":"https:\/\/todoapulmon-rafaela.com\/?p=32269"},"modified":"2022-06-26T18:18:26","modified_gmt":"2022-06-26T18:18:26","slug":"el-circuito-para-el-21k-fue-certificado-por-un-juez-internacional","status":"publish","type":"post","link":"https:\/\/todoapulmon-rafaela.com\/index.php\/2022\/06\/26\/el-circuito-para-el-21k-fue-certificado-por-un-juez-internacional\/","title":{"rendered":"El circuito para el \u201c21K\u201d fue certificado por un juez internacional"},"content":{"rendered":"<p style=\"font-weight: 400\">En las \u00faltimas horas, estuvo presente en nuestra ciudad Ernesto Gorla, juez nivel C de la Federaci\u00f3n Internacional de Atletismo Amateur (IAAF) y de la Confederaci\u00f3n Argentina de Atletismo (CADA), para recorrer y establecer la validez de todos los detalles relacionados con el circuito en donde se correr\u00e1 la Media Marat\u00f3n 21K de la ciudad de Rafaela\u00a0\u00a0\u201cDaniel \u2018Tecla\u2019 Far\u00edas\u201d.<\/p>\n<p style=\"font-weight: 400\">Se trata de un paso adelante que da la Municipalidad de Rafaela en cuanto a la organizaci\u00f3n de uno de los eventos m\u00e1s destacados y convocantes del a\u00f1o que se llevar\u00e1 a cabo el pr\u00f3ximo domingo 23 de octubre, horas antes del cumplea\u00f1os de nuestra ciudad.<\/p>\n<p style=\"font-weight: 400\">\u201cEstamos trabajando para que nuestra media marat\u00f3n sea una marca registrada. Para ello, dialogamos y escuchamos a quienes son los verdaderos protagonistas \u2013los corredores-. Entonces, a pedido de ellos hemos modificado algunos puntos del circuito y le dimos entidad a esos cambios con una certificaci\u00f3n\u201d, coment\u00f3 el subsecretario de Deportes y Recreaci\u00f3n, Ignacio Podio.<\/p>\n<p style=\"font-weight: 400\">\u201cEste es un paso m\u00e1s que damos para potenciar nuestra media marat\u00f3n y, cuando hablamos de certificaci\u00f3n, es importante decir que estuvo con nosotros el juez nivel C de la IAAF efectuando esa labor que permite ratificar las caracter\u00edsticas del circuito que utilizaremos para el desarrollo de la competencia\u201d, dijo.<\/p>\n<p style=\"font-weight: 400\">Precisamente, Ernesto Gorla indic\u00f3 que \u201cfue una iniciativa de la Municipalidad de Rafaela realizar una certificaci\u00f3n de los 21 kil\u00f3metros y venimos trabajando desde ayer efectuando todas las mediciones preliminares, los controles del circuito para, hoy, realizar la certificaci\u00f3n\u201d.<\/p>\n<p style=\"font-weight: 400\"><strong>El proceso de medici\u00f3n<\/strong><\/p>\n<p style=\"font-weight: 400\">Con respecto al sistema utilizado, el juez puntualiz\u00f3 que \u201ces antiguo, pero el mejor porque no se compara con un GPS porque los medios electr\u00f3nicos son demasiado buenos, pero, a veces, fallan. Entonces, es un contador que se coloca en la rueda de una bicicleta, se calibra para establecer cu\u00e1ntas vueltas de una rueda corresponde a la medici\u00f3n del contador, se multiplica por el kil\u00f3metro y se van sumando. Por lo tanto, cada kil\u00f3metro tiene su n\u00famero exacto\u201d.<\/p>\n<figure id=\"attachment_32270\" aria-describedby=\"caption-attachment-32270\" style=\"width: 1280px\" class=\"wp-caption alignnone\"><img loading=\"lazy\" decoding=\"async\" class=\"size-full wp-image-32270\" src=\"https:\/\/todoapulmon-rafaela.com\/wp-content\/uploads\/2022\/06\/Certificacion-circuito.jpg\" alt=\"\" width=\"1280\" height=\"720\" srcset=\"https:\/\/todoapulmon-rafaela.com\/wp-content\/uploads\/2022\/06\/Certificacion-circuito.jpg 1280w, https:\/\/todoapulmon-rafaela.com\/wp-content\/uploads\/2022\/06\/Certificacion-circuito-300x169.jpg 300w\" sizes=\"(max-width: 1280px) 100vw, 1280px\" \/><figcaption id=\"caption-attachment-32270\" class=\"wp-caption-text\">Gorla junto a Rodrigo Visconti.<\/figcaption><\/figure>\n<p><span style=\"font-size: 16px\">Gorla agreg\u00f3 que \u201cel sistema de medici\u00f3n es as\u00ed de riguroso porque hay que hacer muchos c\u00e1lculos previos que, si bien son tediosos, brinda una medici\u00f3n perfecta\u201d.<\/span><\/p>\n<p style=\"font-weight: 400\">Finalmente, Rodrigo Visconti, atleta local resalt\u00f3 que la certificaci\u00f3n del circuito en donde se llevar\u00e1 a cabo la media marat\u00f3n \u201cbeneficiar\u00e1 a quienes la corran, en especial, en el caso de que se presenten atletas de \u00e9lite ya que la marca que registren les podr\u00eda servir para el ranking, puesto que un posible r\u00e9cord ser\u00eda reconocido\u201d.<\/p>\n<p style=\"font-weight: 400\">Vale aclarar\u00a0que Rodrigo Visconti colabor\u00f3\u00a0en el dise\u00f1o de circuito.<\/p>\n","protected":false},"excerpt":{"rendered":"<p>En las \u00faltimas horas, estuvo presente en nuestra ciudad Ernesto Gorla, juez nivel C de la Federaci\u00f3n Internacional de Atletismo<\/p>\n","protected":false},"author":2,"featured_media":32271,"comment_status":"open","ping_status":"open","sticky":false,"template":"","format":"standard","meta":{"footnotes":""},"categories":[7,24],"tags":[],"class_list":["post-32269","post","type-post","status-publish","format-standard","has-post-thumbnail","hentry","category-atletismo","category-noticias-destacadas"],"cc_featured_image_caption":{"caption_text":"Ernesto Gorla e Ignacio Podio durante el recorido (foto prensa Municipalidad de Rafaela).","source_text":"","source_url":""},"_links":{"self":[{"href":"https:\/\/todoapulmon-rafaela.com\/index.php\/wp-json\/wp\/v2\/posts\/32269"}],"collection":[{"href":"https:\/\/todoapulmon-rafaela.com\/index.php\/wp-json\/wp\/v2\/posts"}],"about":[{"href":"https:\/\/todoapulmon-rafaela.com\/index.php\/wp-json\/wp\/v2\/types\/post"}],"author":[{"embeddable":true,"href":"https:\/\/todoapulmon-rafaela.com\/index.php\/wp-json\/wp\/v2\/users\/2"}],"replies":[{"embeddable":true,"href":"https:\/\/todoapulmon-rafaela.com\/index.php\/wp-json\/wp\/v2\/comments?post=32269"}],"version-history":[{"count":3,"href":"https:\/\/todoapulmon-rafaela.com\/index.php\/wp-json\/wp\/v2\/posts\/32269\/revisions"}],"predecessor-version":[{"id":32274,"href":"https:\/\/todoapulmon-rafaela.com\/index.php\/wp-json\/wp\/v2\/posts\/32269\/revisions\/32274"}],"wp:featuredmedia":[{"embeddable":true,"href":"https:\/\/todoapulmon-rafaela.com\/index.php\/wp-json\/wp\/v2\/media\/32271"}],"wp:attachment":[{"href":"https:\/\/todoapulmon-rafaela.com\/index.php\/wp-json\/wp\/v2\/media?parent=32269"}],"wp:term":[{"taxonomy":"category","embeddable":true,"href":"https:\/\/todoapulmon-rafaela.com\/index.php\/wp-json\/wp\/v2\/categories?post=32269"},{"taxonomy":"post_tag","embeddable":true,"href":"https:\/\/todoapulmon-rafaela.com\/index.php\/wp-json\/wp\/v2\/tags?post=32269"}],"curies":[{"name":"wp","href":"https:\/\/api.w.org\/{rel}","templated":true}]}}