{"id":32235,"date":"2022-06-25T14:16:48","date_gmt":"2022-06-25T14:16:48","guid":{"rendered":"https:\/\/todoapulmon-rafaela.com\/?p=32235"},"modified":"2022-06-25T16:08:27","modified_gmt":"2022-06-25T16:08:27","slug":"record-argentino-u18-para-mondino-en-brasil","status":"publish","type":"post","link":"https:\/\/todoapulmon-rafaela.com\/index.php\/2022\/06\/25\/record-argentino-u18-para-mondino-en-brasil\/","title":{"rendered":"R\u00e9cord argentino U18 para Mondino en Brasil"},"content":{"rendered":"<p>Tom\u00e1s Mondino quebr\u00f3 el r\u00e9cord argentino de 200 mts U18, 21\u201d18.<\/p>\n<p>Lo hizo en XLI Trofeo Brasil, que se desarrolla en R\u00edo de Janeiro, reservado para la categor\u00eda Mayores.<\/p>\n<p>Hoy s\u00e1bado a las 10:00 hs compiti\u00f3 en la final de los 200 mts llanos y logr\u00f3 su mejor marca personal, batiendo su propio r\u00e9cord Argentino Absoluto U18, logrado en Lima Peru, el 9 de julio del 2021.<br \/>\nCon este registro lo ubica nuevamente en el Top Ten del Ranking Mundial en 200 mts de la categor\u00eda U18.<\/p>\n<table class=\"CSSTableGenerator\" border=\"0\" width=\"100%\" cellspacing=\"0\" cellpadding=\"2\">\n<tbody>\n<tr bgcolor=\"#C6D9EC\">\n<td align=\"center\">Col<\/td>\n<td align=\"center\">N\u00ba<\/td>\n<td align=\"center\"><\/td>\n<td align=\"left\">Atleta<\/td>\n<td align=\"left\">Fecha de nacim.<\/td>\n<td align=\"left\"><\/td>\n<td align=\"left\">Club-pa\u00eds<\/td>\n<td align=\"left\"><\/td>\n<td align=\"left\">Tiempo<\/td>\n<td align=\"left\"><\/td>\n<td align=\"left\"><\/td>\n<td align=\"left\"><\/td>\n<\/tr>\n<tr>\n<td align=\"center\">1<\/td>\n<td align=\"center\">283<\/td>\n<td align=\"center\"><\/td>\n<td align=\"left\">Lucas Rodrigues da Silva<\/td>\n<td align=\"center\">05\/07\/2001<\/td>\n<td align=\"center\"><\/td>\n<td align=\"center\">Equipe Medex<\/td>\n<td align=\"center\"><\/td>\n<td align=\"center\">20.64<\/td>\n<td align=\"center\"><\/td>\n<td align=\"center\"><\/td>\n<td align=\"center\"><\/td>\n<\/tr>\n<tr>\n<td align=\"center\">2<\/td>\n<td align=\"center\">749<\/td>\n<td align=\"center\"><\/td>\n<td align=\"left\">Lucas Conceicao Vilar<\/td>\n<td align=\"center\">10\/03\/2001<\/td>\n<td align=\"center\"><\/td>\n<td align=\"center\">SESI &#8211; SP<\/td>\n<td align=\"center\"><\/td>\n<td align=\"center\">20.78(772)<\/td>\n<td align=\"center\"><\/td>\n<td align=\"center\"><\/td>\n<td align=\"center\"><\/td>\n<\/tr>\n<tr>\n<td align=\"center\">3<\/td>\n<td align=\"center\">748<\/td>\n<td align=\"center\"><\/td>\n<td align=\"left\">Felipe Bardi dos Santos<\/td>\n<td align=\"center\">08\/10\/1998<\/td>\n<td align=\"center\"><\/td>\n<td align=\"center\">SESI &#8211; SP<\/td>\n<td align=\"center\"><\/td>\n<td align=\"center\">20.78(776)<\/td>\n<td align=\"center\"><\/td>\n<td align=\"center\"><\/td>\n<td align=\"center\"><\/td>\n<\/tr>\n<tr>\n<td align=\"center\">4<\/td>\n<td align=\"center\">111<\/td>\n<td align=\"center\"><\/td>\n<td align=\"left\">Aldemir Gomes da Silva Junior<\/td>\n<td align=\"center\">08\/06\/1992<\/td>\n<td align=\"center\"><\/td>\n<td align=\"center\">Praia Clube<\/td>\n<td align=\"center\"><\/td>\n<td align=\"center\">20.93<\/td>\n<td align=\"center\"><\/td>\n<td align=\"center\"><\/td>\n<td align=\"center\"><\/td>\n<\/tr>\n<tr>\n<td align=\"center\">5<\/td>\n<td align=\"center\">747<\/td>\n<td align=\"center\"><\/td>\n<td align=\"left\">Erik Felipe Barbosa Cardoso<\/td>\n<td align=\"center\">03\/03\/2000<\/td>\n<td align=\"center\"><\/td>\n<td align=\"center\">SESI &#8211; SP<\/td>\n<td align=\"center\"><\/td>\n<td align=\"center\">20.94<\/td>\n<td align=\"center\"><\/td>\n<td align=\"center\"><\/td>\n<td align=\"center\"><\/td>\n<\/tr>\n<tr>\n<td align=\"center\">6<\/td>\n<td align=\"center\">679<\/td>\n<td align=\"center\"><\/td>\n<td align=\"left\">Alan Crystian de Souza Gusmao<\/td>\n<td align=\"center\">31\/10\/1995<\/td>\n<td align=\"center\"><\/td>\n<td align=\"center\">MEM<\/td>\n<td align=\"center\"><\/td>\n<td align=\"center\">21.09<\/td>\n<td align=\"center\"><\/td>\n<td align=\"center\"><\/td>\n<td align=\"center\"><\/td>\n<\/tr>\n<tr>\n<td align=\"center\">7<\/td>\n<td align=\"center\">686<\/td>\n<td align=\"center\"><\/td>\n<td align=\"left\">Jonathan Cardoso Bianco<\/td>\n<td align=\"center\">27\/10\/1999<\/td>\n<td align=\"center\"><\/td>\n<td align=\"center\">MEM<\/td>\n<td align=\"center\"><\/td>\n<td align=\"center\">21.12<\/td>\n<td align=\"center\"><\/td>\n<td align=\"center\"><\/td>\n<td align=\"center\"><\/td>\n<\/tr>\n<tr>\n<td align=\"center\">8<\/td>\n<td align=\"center\">778<\/td>\n<td align=\"center\"><\/td>\n<td align=\"left\">Tomas Pablo Mondino<\/td>\n<td align=\"center\">27\/05\/2005<\/td>\n<td align=\"center\"><\/td>\n<td align=\"center\">ARG<\/td>\n<td align=\"center\"><\/td>\n<td align=\"center\">21.18<\/td>\n<\/tr>\n<\/tbody>\n<\/table>\n","protected":false},"excerpt":{"rendered":"<p>Tom\u00e1s Mondino quebr\u00f3 el r\u00e9cord argentino de 200 mts U18, 21\u201d18. Lo hizo en XLI Trofeo Brasil, que se desarrolla<\/p>\n","protected":false},"author":2,"featured_media":32237,"comment_status":"open","ping_status":"open","sticky":false,"template":"","format":"standard","meta":{"footnotes":""},"categories":[7,24],"tags":[],"class_list":["post-32235","post","type-post","status-publish","format-standard","has-post-thumbnail","hentry","category-atletismo","category-noticias-destacadas"],"cc_featured_image_caption":{"caption_text":"","source_text":"","source_url":""},"_links":{"self":[{"href":"https:\/\/todoapulmon-rafaela.com\/index.php\/wp-json\/wp\/v2\/posts\/32235"}],"collection":[{"href":"https:\/\/todoapulmon-rafaela.com\/index.php\/wp-json\/wp\/v2\/posts"}],"about":[{"href":"https:\/\/todoapulmon-rafaela.com\/index.php\/wp-json\/wp\/v2\/types\/post"}],"author":[{"embeddable":true,"href":"https:\/\/todoapulmon-rafaela.com\/index.php\/wp-json\/wp\/v2\/users\/2"}],"replies":[{"embeddable":true,"href":"https:\/\/todoapulmon-rafaela.com\/index.php\/wp-json\/wp\/v2\/comments?post=32235"}],"version-history":[{"count":3,"href":"https:\/\/todoapulmon-rafaela.com\/index.php\/wp-json\/wp\/v2\/posts\/32235\/revisions"}],"predecessor-version":[{"id":32239,"href":"https:\/\/todoapulmon-rafaela.com\/index.php\/wp-json\/wp\/v2\/posts\/32235\/revisions\/32239"}],"wp:featuredmedia":[{"embeddable":true,"href":"https:\/\/todoapulmon-rafaela.com\/index.php\/wp-json\/wp\/v2\/media\/32237"}],"wp:attachment":[{"href":"https:\/\/todoapulmon-rafaela.com\/index.php\/wp-json\/wp\/v2\/media?parent=32235"}],"wp:term":[{"taxonomy":"category","embeddable":true,"href":"https:\/\/todoapulmon-rafaela.com\/index.php\/wp-json\/wp\/v2\/categories?post=32235"},{"taxonomy":"post_tag","embeddable":true,"href":"https:\/\/todoapulmon-rafaela.com\/index.php\/wp-json\/wp\/v2\/tags?post=32235"}],"curies":[{"name":"wp","href":"https:\/\/api.w.org\/{rel}","templated":true}]}}