{"id":3223,"date":"2016-10-21T02:51:59","date_gmt":"2016-10-21T02:51:59","guid":{"rendered":"http:\/\/todoapulmon-rafaela.com\/?p=3223"},"modified":"2016-10-21T02:51:59","modified_gmt":"2016-10-21T02:51:59","slug":"atletico-y-el-9-en-la-liga-provincial-2","status":"publish","type":"post","link":"https:\/\/todoapulmon-rafaela.com\/index.php\/2016\/10\/21\/atletico-y-el-9-en-la-liga-provincial-2\/","title":{"rendered":"Atl\u00e9tico y el \u00ab9\u00bb en la Liga Provincial"},"content":{"rendered":"<p>Como en la edici\u00f3n anterior, Atl\u00e9tico y 9 de Julio ser\u00e1n los representantes de la Asociaci\u00f3n Rafaelina de B\u00e1squetbol en la Liga Provincial, que este jueves cerr\u00f3 su inscripci\u00f3n para la edici\u00f3n 2016\/17 y contar\u00e1 con la participaci\u00f3n de 24 clubes. El certamen, cuyo campe\u00f3n ascender\u00e1 al torneo Federal, tendr\u00e1 la conformaci\u00f3n de zonas y fixture el 29 de octubre, en tanto que el 10 de noviembre tendr\u00e1 el encuentro inauguraci\u00f3n en Santa Paula de G\u00e1lvez.<\/p>\n<p>De acuerdo a lo publicado por el \u00e1rea de prensa de la Federaci\u00f3n Santafesina, los 24 participantes ser\u00e1n:<\/p>\n<p>De la Asociaci\u00f3n Rosarina: El Tala, Atalaya, Sportsmen Unidos, Temperley y Talleres de Villa Gobernador G\u00e1lvez.<\/p>\n<p>Por Oeste Santafesino: Atl\u00e9tico San Jorge, Atl\u00e9tico Sastre, Santa Paula y Ceci de G\u00e1lvez y Brown de San Vicente.<\/p>\n<p>Por la Asociaci\u00f3n Ca\u00f1adense: Sport y Adeo de Ca\u00f1ada de G\u00f3mez.<\/p>\n<p>Venadense: Firmat F.C.<\/p>\n<p>Noroeste: Sportivo Suardi, San Lorenzo de Tostado, Uni\u00f3n de San Guillermo, CACU de Ceres y Racing de San Crist\u00f3bal.<\/p>\n<p>Santafesina: Col\u00f3n de San Justo, Col\u00f3n de Santa Fe, Gimnasia y Esgrima de esa ciudad, y Rivadavia Juniors de la capital provincial.<\/p>\n<p>Rafaelina: Atl\u00e9tico Rafaela y 9 de Julio.<\/p>\n","protected":false},"excerpt":{"rendered":"<p>Como en la edici\u00f3n anterior, Atl\u00e9tico y 9 de Julio ser\u00e1n los representantes de la Asociaci\u00f3n Rafaelina de B\u00e1squetbol en<\/p>\n","protected":false},"author":2,"featured_media":3210,"comment_status":"open","ping_status":"open","sticky":false,"template":"","format":"standard","meta":{"footnotes":""},"categories":[5,24],"tags":[],"class_list":["post-3223","post","type-post","status-publish","format-standard","has-post-thumbnail","hentry","category-basquet","category-noticias-destacadas"],"cc_featured_image_caption":{"caption_text":"Los equipos rafaelinos estuvieron en zonas diferentes en la edici\u00f3n pasada.","source_text":"","source_url":""},"_links":{"self":[{"href":"https:\/\/todoapulmon-rafaela.com\/index.php\/wp-json\/wp\/v2\/posts\/3223"}],"collection":[{"href":"https:\/\/todoapulmon-rafaela.com\/index.php\/wp-json\/wp\/v2\/posts"}],"about":[{"href":"https:\/\/todoapulmon-rafaela.com\/index.php\/wp-json\/wp\/v2\/types\/post"}],"author":[{"embeddable":true,"href":"https:\/\/todoapulmon-rafaela.com\/index.php\/wp-json\/wp\/v2\/users\/2"}],"replies":[{"embeddable":true,"href":"https:\/\/todoapulmon-rafaela.com\/index.php\/wp-json\/wp\/v2\/comments?post=3223"}],"version-history":[{"count":1,"href":"https:\/\/todoapulmon-rafaela.com\/index.php\/wp-json\/wp\/v2\/posts\/3223\/revisions"}],"predecessor-version":[{"id":3224,"href":"https:\/\/todoapulmon-rafaela.com\/index.php\/wp-json\/wp\/v2\/posts\/3223\/revisions\/3224"}],"wp:featuredmedia":[{"embeddable":true,"href":"https:\/\/todoapulmon-rafaela.com\/index.php\/wp-json\/wp\/v2\/media\/3210"}],"wp:attachment":[{"href":"https:\/\/todoapulmon-rafaela.com\/index.php\/wp-json\/wp\/v2\/media?parent=3223"}],"wp:term":[{"taxonomy":"category","embeddable":true,"href":"https:\/\/todoapulmon-rafaela.com\/index.php\/wp-json\/wp\/v2\/categories?post=3223"},{"taxonomy":"post_tag","embeddable":true,"href":"https:\/\/todoapulmon-rafaela.com\/index.php\/wp-json\/wp\/v2\/tags?post=3223"}],"curies":[{"name":"wp","href":"https:\/\/api.w.org\/{rel}","templated":true}]}}