{"id":32225,"date":"2022-06-25T02:20:54","date_gmt":"2022-06-25T02:20:54","guid":{"rendered":"https:\/\/todoapulmon-rafaela.com\/?p=32225"},"modified":"2022-06-25T02:20:54","modified_gmt":"2022-06-25T02:20:54","slug":"gran-lanzamiento-de-la-copa-santa-fe-2022","status":"publish","type":"post","link":"https:\/\/todoapulmon-rafaela.com\/index.php\/2022\/06\/25\/gran-lanzamiento-de-la-copa-santa-fe-2022\/","title":{"rendered":"Gran lanzamiento de la Copa Santa Fe 2022"},"content":{"rendered":"<div>Este viernes, en el Cine Teatro Municipal Manuel Belgrano qued\u00f3 formalmente presentada la edici\u00f3n 2022 de la Copa Santa Fe, en sus modalidades masculina y femenina. Organizada por el Gobierno de la Provincia y la Federaci\u00f3n Santafesina de F\u00fatbol, ser\u00e1 la quinta edici\u00f3n de este certamen que se vuelve a disputar luego de 2 a\u00f1os por motivos de la pandemia.<\/div>\n<div><\/div>\n<div>Estuvieron presentes, el gobernador Omar Perotti; el intendente Luis Castellano; el ministro de Desarrollo Social, Danilo Capitani; la secretaria de Deportes, Florencia Molinero; la ministra de Igualdad, G\u00e9nero y Diversidad, Florencia Marinaro; el presidente de la Federaci\u00f3n Santafesina de F\u00fatbol, Carlos Lanzaro; autoridades de la Federaci\u00f3n Santafesina y de la Liga Rafaelina de F\u00fatbol; entre otros.<\/div>\n<div><\/div>\n<div>Esta ser\u00e1 la quinta edici\u00f3n de la Copa Santa Fe masculina, la cual tuvo como \u00faltimo campe\u00f3n a Sportivo Las Parejas, de la Liga Ca\u00f1adense, quien en el 2019 derrot\u00f3 en la final a Central C\u00f3rdoba.<\/div>\n<div><\/div>\n<div>La competencia provincial abarcar\u00e1 adem\u00e1s a otras disciplinas: b\u00e1squet, hockey, rugby y v\u00f3ley.<\/div>\n<div><\/div>\n<div>El intendente Luis Castellano expres\u00f3: \u201cEsta Copa, que contiene cinco disciplinas deportivas, vuelve con mucha fuerza para seguir potenciando a nuestro deporte. Adem\u00e1s, se da esta vuelta justo cuando nuestra Liga Rafaelina de F\u00fatbol est\u00e1 cumpliendo 100 a\u00f1os en una ciudad que est\u00e1 a punto de cumplir 141; con lo cual, podemos decir que el f\u00fatbol acompa\u00f1\u00f3 el crecimiento de nuestra ciudad\u201d.<\/div>\n<div><\/div>\n<div>\u201cTambi\u00e9n es un orgullo tener este lanzamiento por lo que implica la revoluci\u00f3n del f\u00fatbol femenino. Y tener en nuestra localidad a los 16 equipos que ya empezaron a competir, ver a cada club repleto de actividades, es un orgullo. Hace mucho que venimos trabajando en Rafaela por el f\u00fatbol femenino. Desde aquellas primeras escuelas barriales hasta hoy, estando junto a la competencia de Liga\u201d.<\/div>\n<div><\/div>\n<div>\u201cQuiero agradecerle al gobernador Omar Perotti por haber tomado la decisi\u00f3n de que esta Copa comience. La necesitan las y los deportistas, y la necesitamos como sociedad. El deporte es crecer en una comunidad sana y la Copa Santa Fe representa eso\u201d, destac\u00f3 Castellano.<\/div>\n<div><img loading=\"lazy\" decoding=\"async\" class=\"alignnone size-full wp-image-32227\" src=\"https:\/\/todoapulmon-rafaela.com\/wp-content\/uploads\/2022\/06\/copa-sta-fe-3.jpg\" alt=\"\" width=\"1620\" height=\"1080\" srcset=\"https:\/\/todoapulmon-rafaela.com\/wp-content\/uploads\/2022\/06\/copa-sta-fe-3.jpg 1620w, https:\/\/todoapulmon-rafaela.com\/wp-content\/uploads\/2022\/06\/copa-sta-fe-3-300x200.jpg 300w, https:\/\/todoapulmon-rafaela.com\/wp-content\/uploads\/2022\/06\/copa-sta-fe-3-1536x1024.jpg 1536w\" sizes=\"(max-width: 1620px) 100vw, 1620px\" \/><\/div>\n<div><\/div>\n<div>A continuaci\u00f3n, Florencia Molinero valor\u00f3: \u201cS\u00e9 del esfuerzo que hace cada deportista, el sacrificio de levantarse todos los d\u00edas cuando el cuerpo duele, el servicio de entrenar con lluvia y seguir insistiendo por algo que nos apasiona, como es hacer deporte y estar en el club. Creo que la Copa Santa Fe ha venido a cumplir este rol: vino a visualizar todos los deportes -en este caso las cinco disciplinas- y viene a garantizar esa funci\u00f3n de seguir desarrollando todo el deporte en la Provincia\u201d.<\/div>\n<div><\/div>\n<div>La ministra de Igualdad, G\u00e9nero y Diversidad, Florencia Marinaro, manifest\u00f3 el \u201corgullo de estar aqu\u00ed con las jugadoras, inaugurando esta copa Santa Fe. Y el orgullo de contarles que en las cinco disciplinas hay jugadoras mujeres. Por primera vez en rugby, por segunda vez en f\u00fatbol. Y esa revoluci\u00f3n que est\u00e1 sucediendo en las calles, que sucedi\u00f3 en las familias, donde nuestras ni\u00f1as y nuestros ni\u00f1os persiguen sue\u00f1os, donde no hay impedimentos de poder jugar el deporte que les guste\u00bb.<\/div>\n<div><\/div>\n<div>\u201cDesde 2019, el equipo de Gobierno se puso la camiseta de la igualdad, de la diversidad. Porque para este Gobierno, la perspectiva y la igualdad de g\u00e9nero es una pol\u00edtica de gobierno, y nos da mucho orgullo que nuestras santafesinas nos est\u00e9n representando. Son tres d\u00edas y las queremos entusiasmar y decirles que cuentan con nosotras para construir una Santa Fe mucho m\u00e1s igualitaria, para que el juego sea un disfrute y para que la puerta de los clubes est\u00e9n abiertas para todos\u00bb.<\/div>\n<div><\/div>\n<div>El gobernador Omar Perotti fue quien cerr\u00f3 el acto. En primer lugar, mencion\u00f3 el aniversario de la Liga Rafaelina de F\u00fatbol: \u201cMis felicitaciones a la gente de La Liga por estos 100 a\u00f1os que est\u00e1n cumpliendo. He visto el libro. Gracias por hac\u00e9rmelo llegar\u201d.<\/div>\n<div><\/div>\n<div>Luego, destac\u00f3 un hecho ocurrido en pandemia, donde las instituciones deportivas pusieron sus instalaciones en beneficio de toda la comunidad: \u201cEl d\u00eda de la presentaci\u00f3n con todas las disciplinas en la ciudad de Santa Fe, yo hice un agradecimiento y lo quiero reiterar aqu\u00ed: A todas y a cada una de las instituciones deportivas de la provincia, por la predisposici\u00f3n, a todos y cada uno de los clubes durante la pandemia, desde sus inicios, en poner a disposici\u00f3n su infraestructura y acompa\u00f1ar a toda la comunidad. Es un gesto valorable. En muchos de sus gimnasios, en muchas de sus instalaciones funcionaron centros de aislamiento o estuvieron preparados para hacerlo. Un agradecimiento enorme a esa actitud que trasciende claramente lo deportivo, mostrando su compromiso como dirigentes con toda la comunidad\u201d.<\/div>\n<div><\/div>\n<div>Continu\u00f3 expresando: \u201cY eso es lo que uno profundamente agradece, la tarea de cada hombre y de cada mujer que integra la comisi\u00f3n directiva de un club. Eso no tiene precio. Un agradecimiento enorme como gobernador de la provincia, a su contribuci\u00f3n, por su apoyo. All\u00ed, en cada club, se forja una persona, se transmiten valores del deporte que queremos renovar con esta copa, que queremos que se multipliquen, que se expandan. All\u00ed siempre habr\u00e1 alguien tratando de formar un buen deportista, pero sobre todo cuidando su desarrollo como persona\u201d.<\/div>\n<div><\/div>\n<div>Asimismo, asegur\u00f3: \u201cQueremos que cada uno se fortalezca. Y fundamentalmente porque hay que crecer en infraestructura. Esta muy buena noticia de la irrupci\u00f3n de la mujer en el deporte, y particularmente en el f\u00fatbol, lleva a mejorar la infraestructura, a tener m\u00e1s instalaciones. Eso sin duda va a ir acompa\u00f1ando el crecimiento de la participaci\u00f3n de m\u00e1s mujeres. Y all\u00ed todos tendremos que ir acompa\u00f1ando\u201d.<\/div>\n<div><\/div>\n<div>\u201cA cada uno y cada una de los que compite, el mejor deseo. La posibilidad de tener una copa femenina con este n\u00famero de participantes, nos motiva, nos entusiasma. Queremos que eso sea algo que contagie. Que cada uno de ustedes, de esta participaci\u00f3n, se vaya feliz por haber llegado, feliz por c\u00f3mo se lo trat\u00f3, feliz por c\u00f3mo estuvieron desarrollando la actividad, independientemente del resultado\u201d.<\/div>\n<div><\/div>\n<div>Finalmente, el Gobernador manifest\u00f3 su apoyo a los clubes: \u201cNo voy a enumerar las dificultades que cada instituci\u00f3n tiene para crecer. Pero fundamentalmente lo que queremos es estar cerca de ellos, porque all\u00ed no solo tenemos la mejor escuela de formaci\u00f3n deportiva, sino que tenemos el mejor acompa\u00f1amiento para la formaci\u00f3n y para un estilo de vida de las personas\u201d.<\/div>\n<div><\/div>\n<div><strong>Copa Santa Fe femenina<\/strong><\/div>\n<div>Para las mujeres, esta ser\u00e1 la segunda ocasi\u00f3n que se dispute el campeonato. La primera fue en el 2019, donde Uni\u00f3n de Santa Fe se qued\u00f3 con el t\u00edtulo. Este a\u00f1o, el certamen se est\u00e1 llevando a cabo en la ciudad de Rafaela, en marco del centenario de la entidad liguista.<\/div>\n<div><\/div>\n<div>Participan 16 equipos representando a 16 de las ligas afiliadas a la Federaci\u00f3n Santafesina, divididos en 4 zonas de 4 equipos cada una. Hoy en el inicio de la fase clasificatoria, el seleccionado de la LRF igual\u00f3 0 a 0 con Ferro Dho de San Crist\u00f3bal en cancha de 9 de Julio.<\/div>\n<div>Este s\u00e1bado a las 10.30 enfrentar\u00e1 a la Casildense en Ben Hur (cancha auxiliar) y a las 15 cerrar\u00e1 la etapa inicial ante Jorge Newbery (Galvense) a las 15 en 9 de Julio.<\/div>\n","protected":false},"excerpt":{"rendered":"<p>Este viernes, en el Cine Teatro Municipal Manuel Belgrano qued\u00f3 formalmente presentada la edici\u00f3n 2022 de la Copa Santa Fe,<\/p>\n","protected":false},"author":2,"featured_media":32226,"comment_status":"open","ping_status":"open","sticky":false,"template":"","format":"standard","meta":{"footnotes":""},"categories":[31],"tags":[],"class_list":["post-32225","post","type-post","status-publish","format-standard","has-post-thumbnail","hentry","category-futbol-femenino"],"cc_featured_image_caption":{"caption_text":"El Cine Belgrano estuvo colmado en el lanzamiento (foto Prensa Municipalidad de Rafaela).","source_text":"","source_url":""},"_links":{"self":[{"href":"https:\/\/todoapulmon-rafaela.com\/index.php\/wp-json\/wp\/v2\/posts\/32225"}],"collection":[{"href":"https:\/\/todoapulmon-rafaela.com\/index.php\/wp-json\/wp\/v2\/posts"}],"about":[{"href":"https:\/\/todoapulmon-rafaela.com\/index.php\/wp-json\/wp\/v2\/types\/post"}],"author":[{"embeddable":true,"href":"https:\/\/todoapulmon-rafaela.com\/index.php\/wp-json\/wp\/v2\/users\/2"}],"replies":[{"embeddable":true,"href":"https:\/\/todoapulmon-rafaela.com\/index.php\/wp-json\/wp\/v2\/comments?post=32225"}],"version-history":[{"count":1,"href":"https:\/\/todoapulmon-rafaela.com\/index.php\/wp-json\/wp\/v2\/posts\/32225\/revisions"}],"predecessor-version":[{"id":32228,"href":"https:\/\/todoapulmon-rafaela.com\/index.php\/wp-json\/wp\/v2\/posts\/32225\/revisions\/32228"}],"wp:featuredmedia":[{"embeddable":true,"href":"https:\/\/todoapulmon-rafaela.com\/index.php\/wp-json\/wp\/v2\/media\/32226"}],"wp:attachment":[{"href":"https:\/\/todoapulmon-rafaela.com\/index.php\/wp-json\/wp\/v2\/media?parent=32225"}],"wp:term":[{"taxonomy":"category","embeddable":true,"href":"https:\/\/todoapulmon-rafaela.com\/index.php\/wp-json\/wp\/v2\/categories?post=32225"},{"taxonomy":"post_tag","embeddable":true,"href":"https:\/\/todoapulmon-rafaela.com\/index.php\/wp-json\/wp\/v2\/tags?post=32225"}],"curies":[{"name":"wp","href":"https:\/\/api.w.org\/{rel}","templated":true}]}}