{"id":32207,"date":"2022-06-24T22:28:33","date_gmt":"2022-06-24T22:28:33","guid":{"rendered":"https:\/\/todoapulmon-rafaela.com\/?p=32207"},"modified":"2022-06-24T22:41:27","modified_gmt":"2022-06-24T22:41:27","slug":"mondino-paso-a-la-final-en-brasil","status":"publish","type":"post","link":"https:\/\/todoapulmon-rafaela.com\/index.php\/2022\/06\/24\/mondino-paso-a-la-final-en-brasil\/","title":{"rendered":"Mondino pas\u00f3 a la final en Brasil"},"content":{"rendered":"<p>Tom\u00e1s Mondino compiti\u00f3 en lla tarde de este viernes en el XLI Trofeo Brasil, que se desarrolla en R\u00edo de Janeiro, (Brasil) reservado para la categor\u00eda Mayores.<\/p>\n<p>Tomy particip\u00f3 en la 3\u00aa serie, de los 200 mts llanos, logrando el segundo lugar. Tras una dubitativa partida logr\u00f3 remontar en el final de prueba, estableciendo un registro de 21\u201d34, muy cerca de su mejor personal y as\u00ed logr\u00f3 el pasaje a la final, siendo el atleta de menor edad que participar\u00e1, donde a priori tendr\u00e1 un alt\u00edsimo nivel.<\/p>\n<p><img loading=\"lazy\" decoding=\"async\" class=\"alignnone size-full wp-image-32215\" src=\"https:\/\/todoapulmon-rafaela.com\/wp-content\/uploads\/2022\/06\/IMG-20220624-WA0007.jpg\" alt=\"\" width=\"1600\" height=\"900\" srcset=\"https:\/\/todoapulmon-rafaela.com\/wp-content\/uploads\/2022\/06\/IMG-20220624-WA0007.jpg 1600w, https:\/\/todoapulmon-rafaela.com\/wp-content\/uploads\/2022\/06\/IMG-20220624-WA0007-300x169.jpg 300w, https:\/\/todoapulmon-rafaela.com\/wp-content\/uploads\/2022\/06\/IMG-20220624-WA0007-1536x864.jpg 1536w\" sizes=\"(max-width: 1600px) 100vw, 1600px\" \/><\/p>\n<div>Mondino qued\u00f3 en su serie a 24 cent\u00e9simas de Felipe Bardi, el brasilero de 23 a\u00f1os que es uno de los velocistas del momento en Sudam\u00e9rica.<br \/>\nEl rafaelino competir\u00e1 ma\u00f1ana s\u00e1bado a las 10:00 hs.<\/div>\n","protected":false},"excerpt":{"rendered":"<p>Tom\u00e1s Mondino compiti\u00f3 en lla tarde de este viernes en el XLI Trofeo Brasil, que se desarrolla en R\u00edo de<\/p>\n","protected":false},"author":2,"featured_media":32208,"comment_status":"open","ping_status":"open","sticky":false,"template":"","format":"standard","meta":{"footnotes":""},"categories":[7,24],"tags":[],"class_list":["post-32207","post","type-post","status-publish","format-standard","has-post-thumbnail","hentry","category-atletismo","category-noticias-destacadas"],"cc_featured_image_caption":{"caption_text":"","source_text":"","source_url":""},"_links":{"self":[{"href":"https:\/\/todoapulmon-rafaela.com\/index.php\/wp-json\/wp\/v2\/posts\/32207"}],"collection":[{"href":"https:\/\/todoapulmon-rafaela.com\/index.php\/wp-json\/wp\/v2\/posts"}],"about":[{"href":"https:\/\/todoapulmon-rafaela.com\/index.php\/wp-json\/wp\/v2\/types\/post"}],"author":[{"embeddable":true,"href":"https:\/\/todoapulmon-rafaela.com\/index.php\/wp-json\/wp\/v2\/users\/2"}],"replies":[{"embeddable":true,"href":"https:\/\/todoapulmon-rafaela.com\/index.php\/wp-json\/wp\/v2\/comments?post=32207"}],"version-history":[{"count":3,"href":"https:\/\/todoapulmon-rafaela.com\/index.php\/wp-json\/wp\/v2\/posts\/32207\/revisions"}],"predecessor-version":[{"id":32216,"href":"https:\/\/todoapulmon-rafaela.com\/index.php\/wp-json\/wp\/v2\/posts\/32207\/revisions\/32216"}],"wp:featuredmedia":[{"embeddable":true,"href":"https:\/\/todoapulmon-rafaela.com\/index.php\/wp-json\/wp\/v2\/media\/32208"}],"wp:attachment":[{"href":"https:\/\/todoapulmon-rafaela.com\/index.php\/wp-json\/wp\/v2\/media?parent=32207"}],"wp:term":[{"taxonomy":"category","embeddable":true,"href":"https:\/\/todoapulmon-rafaela.com\/index.php\/wp-json\/wp\/v2\/categories?post=32207"},{"taxonomy":"post_tag","embeddable":true,"href":"https:\/\/todoapulmon-rafaela.com\/index.php\/wp-json\/wp\/v2\/tags?post=32207"}],"curies":[{"name":"wp","href":"https:\/\/api.w.org\/{rel}","templated":true}]}}