{"id":32196,"date":"2022-06-24T18:32:16","date_gmt":"2022-06-24T18:32:16","guid":{"rendered":"https:\/\/todoapulmon-rafaela.com\/?p=32196"},"modified":"2022-06-24T18:32:16","modified_gmt":"2022-06-24T18:32:16","slug":"la-arv-participa-con-femenino-y-masculino-en-el-provincial-sub-14","status":"publish","type":"post","link":"https:\/\/todoapulmon-rafaela.com\/index.php\/2022\/06\/24\/la-arv-participa-con-femenino-y-masculino-en-el-provincial-sub-14\/","title":{"rendered":"La ARV participa con femenino y masculino en el Provincial Sub 14"},"content":{"rendered":"<p>Este fin de semana se disputar\u00e1 en Santa Fe el Campeonato Interasociaciones Sub 14 organizado por la Federaci\u00f3n Santafesina de Voley, en el cual participar\u00e1 la Asociaci\u00f3n Rafaelina, pero no solamente en damas como sucede habitualmente, sino tambi\u00e9n con varones. Ello, sin dudas, es un importante acontecimiento para seguir afianzando el masculino en la ARV.<\/p>\n<p>El elenco femenino ser\u00e1 dirigido por Patricia Sarponti, con Marcela Furl\u00e1n como asistente. El seleccionado estar\u00e1 integrado por siete jugadoras de Almagro, tres de 9 de Julio y cuatro de Uni\u00f3n de Sunchales, integrando la fase clasificatoria con el local Santafesina, Suroeste y Norte. El listado a continuaci\u00f3n:<\/p>\n<table style=\"width: 94.9081%\" width=\"775\">\n<tbody>\n<tr>\n<td style=\"width: 30.491%\" width=\"232\">Fontanessi Palavecino, Sol<\/td>\n<td style=\"width: 23.4012%\" colspan=\"2\" width=\"192\"><\/td>\n<td style=\"width: 1.29199%\" colspan=\"2\" width=\"158\"><\/td>\n<td style=\"width: 44.3213%\" width=\"193\">C.A.ALMAGRO (RAFAELA)<\/td>\n<\/tr>\n<tr>\n<td style=\"width: 30.491%\">Paz, Narela<\/td>\n<td style=\"width: 23.4012%\" colspan=\"2\"><\/td>\n<td style=\"width: 1.29199%\" colspan=\"2\"><\/td>\n<td style=\"width: 44.3213%\">C.A.ALMAGRO (RAFAELA)<\/td>\n<\/tr>\n<tr>\n<td style=\"width: 30.491%\">Gramaglia, Luc\u00eda<\/td>\n<td style=\"width: 23.4012%\" colspan=\"2\"><\/td>\n<td style=\"width: 1.29199%\" colspan=\"2\"><\/td>\n<td style=\"width: 44.3213%\">C.A.ALMAGRO (RAFAELA)<\/td>\n<\/tr>\n<tr>\n<td style=\"width: 30.491%\">Cignetti, Paloma<\/td>\n<td style=\"width: 23.4012%\" colspan=\"2\"><\/td>\n<td style=\"width: 1.29199%\" colspan=\"2\"><\/td>\n<td style=\"width: 44.3213%\">C.A.ALMAGRO (RAFAELA)<\/td>\n<\/tr>\n<tr>\n<td style=\"width: 30.491%\">Bossio, Martina<\/td>\n<td style=\"width: 23.4012%\" colspan=\"2\"><\/td>\n<td style=\"width: 1.29199%\" colspan=\"2\"><\/td>\n<td style=\"width: 44.3213%\">C.A.ALMAGRO (RAFAELA)<\/td>\n<\/tr>\n<tr>\n<td style=\"width: 30.491%\">S\u00e1nchez, Abril<\/td>\n<td style=\"width: 23.4012%\" colspan=\"2\"><\/td>\n<td style=\"width: 1.29199%\" colspan=\"2\"><\/td>\n<td style=\"width: 44.3213%\">C.A.ALMAGRO (RAFAELA)<\/td>\n<\/tr>\n<tr>\n<td style=\"width: 30.491%\">Romero, Angelina<\/td>\n<td style=\"width: 23.4012%\" colspan=\"2\"><\/td>\n<td style=\"width: 1.29199%\" colspan=\"2\"><\/td>\n<td style=\"width: 44.3213%\">C.A.ALMAGRO (RAFAELA)<\/td>\n<\/tr>\n<tr>\n<td style=\"width: 30.491%\">Comini, Giuseppina<\/td>\n<td style=\"width: 23.4012%\" colspan=\"2\"><\/td>\n<td style=\"width: 1.29199%\" colspan=\"2\"><\/td>\n<td style=\"width: 44.3213%\">C.A. 9 DE JULIO (RAFAELA)<\/td>\n<\/tr>\n<tr>\n<td style=\"width: 30.491%\">Ibarra, Maitena<\/td>\n<td style=\"width: 23.4012%\" colspan=\"2\"><\/td>\n<td style=\"width: 1.29199%\" colspan=\"2\"><\/td>\n<td style=\"width: 44.3213%\">C.A. 9 DE JULIO (RAFAELA)<\/td>\n<\/tr>\n<tr>\n<td style=\"width: 30.491%\">Schilling, Sof\u00eda<\/td>\n<td style=\"width: 23.4012%\" colspan=\"2\"><\/td>\n<td style=\"width: 1.29199%\" colspan=\"2\"><\/td>\n<td style=\"width: 44.3213%\">C.A. 9 DE JULIO (RAFAELA)<\/td>\n<\/tr>\n<tr>\n<td style=\"width: 30.491%\">Duarte, Josefina<\/td>\n<td style=\"width: 23.4012%\" colspan=\"2\"><\/td>\n<td style=\"width: 1.29199%\" colspan=\"2\"><\/td>\n<td style=\"width: 44.3213%\">C. A. UNI\u00d3N DE SUNCHALES<\/td>\n<\/tr>\n<tr>\n<td style=\"width: 30.491%\">Enrici, Fiorella<\/td>\n<td style=\"width: 23.4012%\" colspan=\"2\"><\/td>\n<td style=\"width: 1.29199%\" colspan=\"2\"><\/td>\n<td style=\"width: 44.3213%\">C. A. UNI\u00d3N DE SUNCHALES<\/td>\n<\/tr>\n<tr>\n<td style=\"width: 30.491%\">Mandril, Emilia<\/td>\n<td style=\"width: 23.4012%\" colspan=\"2\"><\/td>\n<td style=\"width: 1.29199%\" colspan=\"2\"><\/td>\n<td style=\"width: 44.3213%\">C. A. UNI\u00d3N DE SUNCHALES<\/td>\n<\/tr>\n<tr>\n<td style=\"width: 30.491%\">Sterren, Sol<\/td>\n<td style=\"width: 23.4012%\" colspan=\"2\"><\/td>\n<td style=\"width: 1.29199%\" colspan=\"2\"><\/td>\n<td style=\"width: 44.3213%\">C. A. UNI\u00d3N DE SUNCHALES<\/td>\n<\/tr>\n<\/tbody>\n<\/table>\n<p>En cuanto al equipo masculino, ser\u00e1 dirigido por Patricia Di Prinzio, con S\u00f3crates Isle\u00f1os como asistente. Dar\u00edo Franza ser\u00e1 el Jefe de Delegaci\u00f3n.<\/p>\n<p>El seleccionado tendr\u00e1 cuatro jugadores de 9 de Julio, tres de Las Palmeras, dos de Libertad de Sunchales, dos de Humberto, y uno de Atl\u00e9tico de Rafaela, de Almagro y de Sportivo Santa Clara de Saguier. Este es el detalle:<\/p>\n<table style=\"width: 99.8775%\" width=\"816\">\n<tbody>\n<tr>\n<td style=\"width: 5.52147%\" width=\"41\"><\/td>\n<td style=\"width: 28.9571%\" width=\"232\">APELLIDO Y PRIMER NOMBRE<\/td>\n<td style=\"width: 21.875%\" colspan=\"2\" width=\"192\"><\/td>\n<td style=\"width: 1.2285%\" colspan=\"2\" width=\"158\"><\/td>\n<td style=\"width: 41.7509%\" width=\"193\">CLUB PROCEDENCIA<\/td>\n<\/tr>\n<tr>\n<td style=\"width: 5.52147%\"><\/td>\n<td style=\"width: 28.9571%\">Rodr\u00edguez, Mauricio<\/td>\n<td style=\"width: 21.875%\" colspan=\"2\"><\/td>\n<td style=\"width: 1.2285%\" colspan=\"2\"><\/td>\n<td style=\"width: 41.7509%\">C.D. Libertad de Sunchales<\/td>\n<\/tr>\n<tr>\n<td style=\"width: 5.52147%\"><\/td>\n<td style=\"width: 28.9571%\">Perotti, Gonzalo Mart\u00edn<\/td>\n<td style=\"width: 21.875%\" colspan=\"2\"><\/td>\n<td style=\"width: 1.2285%\" colspan=\"2\"><\/td>\n<td style=\"width: 41.7509%\">C.D. Libertad de Sunchales<\/td>\n<\/tr>\n<tr>\n<td style=\"width: 5.52147%\"><\/td>\n<td style=\"width: 28.9571%\">Gabinetti, Santino<\/td>\n<td style=\"width: 21.875%\" colspan=\"2\"><\/td>\n<td style=\"width: 1.2285%\" colspan=\"2\"><\/td>\n<td style=\"width: 41.7509%\">A. M. S y D. Atl\u00e9tico\u00a0 De Rafaela<\/td>\n<\/tr>\n<tr>\n<td style=\"width: 5.52147%\"><\/td>\n<td style=\"width: 28.9571%\">Romero, Andr\u00e9s<\/td>\n<td style=\"width: 21.875%\" colspan=\"2\"><\/td>\n<td style=\"width: 1.2285%\" colspan=\"2\"><\/td>\n<td style=\"width: 41.7509%\">C.A. 9 De Julio de Rafaela<\/td>\n<\/tr>\n<tr>\n<td style=\"width: 5.52147%\"><\/td>\n<td style=\"width: 28.9571%\">Romero, Gast\u00f3n<\/td>\n<td style=\"width: 21.875%\" colspan=\"2\"><\/td>\n<td style=\"width: 1.2285%\" colspan=\"2\"><\/td>\n<td style=\"width: 41.7509%\">C.A. 9 De Julio de Rafaela<\/td>\n<\/tr>\n<tr>\n<td style=\"width: 5.52147%\"><\/td>\n<td style=\"width: 28.9571%\">Burkett, Joaqu\u00edn<\/td>\n<td style=\"width: 21.875%\" colspan=\"2\"><\/td>\n<td style=\"width: 1.2285%\" colspan=\"2\"><\/td>\n<td style=\"width: 41.7509%\">C.A. 9 De Julio de Rafaela<\/td>\n<\/tr>\n<tr>\n<td style=\"width: 5.52147%\"><\/td>\n<td style=\"width: 28.9571%\">Schmidt, Bruno Ezequiel<\/td>\n<td style=\"width: 21.875%\" colspan=\"2\"><\/td>\n<td style=\"width: 1.2285%\" colspan=\"2\"><\/td>\n<td style=\"width: 41.7509%\">C.A. 9 De Julio de Rafaela<\/td>\n<\/tr>\n<tr>\n<td style=\"width: 5.52147%\"><\/td>\n<td style=\"width: 28.9571%\">Mart\u00ednez, Manuel Ignacio<\/td>\n<td style=\"width: 21.875%\" colspan=\"2\"><\/td>\n<td style=\"width: 1.2285%\" colspan=\"2\"><\/td>\n<td style=\"width: 41.7509%\">C. Argentino de Humberto<\/td>\n<\/tr>\n<tr>\n<td style=\"width: 5.52147%\"><\/td>\n<td style=\"width: 28.9571%\">Santiano, Juan Mart\u00edn<\/td>\n<td style=\"width: 21.875%\" colspan=\"2\"><\/td>\n<td style=\"width: 1.2285%\" colspan=\"2\"><\/td>\n<td style=\"width: 41.7509%\">C. Argentino de Humberto<\/td>\n<\/tr>\n<tr>\n<td style=\"width: 5.52147%\"><\/td>\n<td style=\"width: 28.9571%\">Franza, Bautista<\/td>\n<td style=\"width: 21.875%\" colspan=\"2\"><\/td>\n<td style=\"width: 1.2285%\" colspan=\"2\"><\/td>\n<td style=\"width: 41.7509%\">C.S.S.C. de Saguier<\/td>\n<\/tr>\n<tr>\n<td style=\"width: 5.52147%\"><\/td>\n<td style=\"width: 28.9571%\">Luna, Ulises Joaqu\u00edn<\/td>\n<td style=\"width: 21.875%\" colspan=\"2\"><\/td>\n<td style=\"width: 1.2285%\" colspan=\"2\"><\/td>\n<td style=\"width: 41.7509%\">C. D. Las Palmeras<\/td>\n<\/tr>\n<tr>\n<td style=\"width: 5.52147%\"><\/td>\n<td style=\"width: 28.9571%\">Taborda, Milton Jes\u00fas<\/td>\n<td style=\"width: 21.875%\" colspan=\"2\"><\/td>\n<td style=\"width: 1.2285%\" colspan=\"2\"><\/td>\n<td style=\"width: 41.7509%\">C. D. Las Palmeras<\/td>\n<\/tr>\n<tr>\n<td style=\"width: 5.52147%\"><\/td>\n<td style=\"width: 28.9571%\">Balb\u00edn, Lucas Uriel<\/td>\n<td style=\"width: 21.875%\" colspan=\"2\"><\/td>\n<td style=\"width: 1.2285%\" colspan=\"2\"><\/td>\n<td style=\"width: 41.7509%\">C. D. Las Palmeras<\/td>\n<\/tr>\n<tr>\n<td style=\"width: 5.52147%\"><\/td>\n<td style=\"width: 28.9571%\">Corat, Ariel Agust\u00edn<\/td>\n<td style=\"width: 21.875%\" colspan=\"2\"><\/td>\n<td style=\"width: 1.2285%\" colspan=\"2\"><\/td>\n<td style=\"width: 41.7509%\">C. Almagro de Rafaela<\/td>\n<\/tr>\n<\/tbody>\n<\/table>\n<p>El torneo masculino tendr\u00e1 cinco Asociaciones participantes, que jugar\u00e1n todas contra todas.<\/p>\n<p>LOS FIXTURES<\/p>\n<p><img loading=\"lazy\" decoding=\"async\" class=\"alignnone size-full wp-image-32197\" src=\"https:\/\/todoapulmon-rafaela.com\/wp-content\/uploads\/2022\/06\/Screenshot_20220624-151819_WhatsApp1.jpg\" alt=\"\" width=\"711\" height=\"1344\" srcset=\"https:\/\/todoapulmon-rafaela.com\/wp-content\/uploads\/2022\/06\/Screenshot_20220624-151819_WhatsApp1.jpg 711w, https:\/\/todoapulmon-rafaela.com\/wp-content\/uploads\/2022\/06\/Screenshot_20220624-151819_WhatsApp1-159x300.jpg 159w\" sizes=\"(max-width: 711px) 100vw, 711px\" \/><\/p>\n","protected":false},"excerpt":{"rendered":"<p>Este fin de semana se disputar\u00e1 en Santa Fe el Campeonato Interasociaciones Sub 14 organizado por la Federaci\u00f3n Santafesina de<\/p>\n","protected":false},"author":2,"featured_media":32198,"comment_status":"open","ping_status":"open","sticky":false,"template":"","format":"standard","meta":{"footnotes":""},"categories":[24,16],"tags":[],"class_list":["post-32196","post","type-post","status-publish","format-standard","has-post-thumbnail","hentry","category-noticias-destacadas","category-voley"],"cc_featured_image_caption":{"caption_text":"","source_text":"","source_url":""},"_links":{"self":[{"href":"https:\/\/todoapulmon-rafaela.com\/index.php\/wp-json\/wp\/v2\/posts\/32196"}],"collection":[{"href":"https:\/\/todoapulmon-rafaela.com\/index.php\/wp-json\/wp\/v2\/posts"}],"about":[{"href":"https:\/\/todoapulmon-rafaela.com\/index.php\/wp-json\/wp\/v2\/types\/post"}],"author":[{"embeddable":true,"href":"https:\/\/todoapulmon-rafaela.com\/index.php\/wp-json\/wp\/v2\/users\/2"}],"replies":[{"embeddable":true,"href":"https:\/\/todoapulmon-rafaela.com\/index.php\/wp-json\/wp\/v2\/comments?post=32196"}],"version-history":[{"count":1,"href":"https:\/\/todoapulmon-rafaela.com\/index.php\/wp-json\/wp\/v2\/posts\/32196\/revisions"}],"predecessor-version":[{"id":32199,"href":"https:\/\/todoapulmon-rafaela.com\/index.php\/wp-json\/wp\/v2\/posts\/32196\/revisions\/32199"}],"wp:featuredmedia":[{"embeddable":true,"href":"https:\/\/todoapulmon-rafaela.com\/index.php\/wp-json\/wp\/v2\/media\/32198"}],"wp:attachment":[{"href":"https:\/\/todoapulmon-rafaela.com\/index.php\/wp-json\/wp\/v2\/media?parent=32196"}],"wp:term":[{"taxonomy":"category","embeddable":true,"href":"https:\/\/todoapulmon-rafaela.com\/index.php\/wp-json\/wp\/v2\/categories?post=32196"},{"taxonomy":"post_tag","embeddable":true,"href":"https:\/\/todoapulmon-rafaela.com\/index.php\/wp-json\/wp\/v2\/tags?post=32196"}],"curies":[{"name":"wp","href":"https:\/\/api.w.org\/{rel}","templated":true}]}}