{"id":32152,"date":"2022-06-22T11:31:11","date_gmt":"2022-06-22T11:31:11","guid":{"rendered":"https:\/\/todoapulmon-rafaela.com\/?p=32152"},"modified":"2022-06-22T11:31:11","modified_gmt":"2022-06-22T11:31:11","slug":"la-seleccion-de-la-liga-rafaelina-lista-para-la-copa-santa-fe","status":"publish","type":"post","link":"https:\/\/todoapulmon-rafaela.com\/index.php\/2022\/06\/22\/la-seleccion-de-la-liga-rafaelina-lista-para-la-copa-santa-fe\/","title":{"rendered":"La selecci\u00f3n de la Liga Rafaelina lista para la Copa Santa Fe"},"content":{"rendered":"<p>Este martes fue presentada, en la reuni\u00f3n del Consejo Directivo liguista, la selecci\u00f3n de la Liga Rafaelina que el pr\u00f3ximo fin de semana participar\u00e1 en la Copa Santa Fe de f\u00fatbol femenino que se realizar\u00e1 en nuestra ciudad. La misma integrar\u00e1 la Zona B junto a Ferro Dho de San Crist\u00f3bal (que juega el torneo de la Liga Rafaelina pero representar\u00e1 a la Ceresina), Jorge Newbery (Liga Galvense) y la Liga Casildense.<\/p>\n<p>Este es el detalle del fixture en la etapa clasificatoria para la LRF:<\/p>\n<p><img loading=\"lazy\" decoding=\"async\" class=\"alignnone size-full wp-image-32145\" src=\"https:\/\/todoapulmon-rafaela.com\/wp-content\/uploads\/2022\/06\/Screenshot_20220621-185809_Instagram1.jpg\" alt=\"\" width=\"720\" height=\"557\" srcset=\"https:\/\/todoapulmon-rafaela.com\/wp-content\/uploads\/2022\/06\/Screenshot_20220621-185809_Instagram1.jpg 720w, https:\/\/todoapulmon-rafaela.com\/wp-content\/uploads\/2022\/06\/Screenshot_20220621-185809_Instagram1-300x232.jpg 300w\" sizes=\"(max-width: 720px) 100vw, 720px\" \/><\/p>\n<p>El cuerpo t\u00e9cnico estar\u00e1 compuesto por: Gustavo Raminelli DT, Alejandro Zamatteo AC, Maximiliano Fagnola PF y Jorge Trionfini entrenador de Arqueras.<br \/>\nEstas son las jugadoras convocadas:<br \/>\nOriana Chavez (Atl. Rafaela)<br \/>\nYamile Claret (Dep. Libertad)<br \/>\nDamaris Cravero ( (Atl. Rafaela)<br \/>\nEvangelina de La Cruz (9 de Julio)<br \/>\nMicaela D\u00edaz (Atl. Rafaela)<br \/>\nFernanda Fenoglio (9 de Julio)<br \/>\nTamara Galoto (Dep. Libertad)<br \/>\nFlorencia Gomez (9 de Julio)<br \/>\nCelena Luque (Dep. Susana)<br \/>\nAraceli Molina (Arg. Humberto)<br \/>\nGabriela Panelli (9 de Julio)<br \/>\nRoc\u00edo R\u00edos (9 de Julio)<br \/>\nJulieta Rodriguez (Atl. Rafaela)<br \/>\nYanina Schmidt (Dep. Libertad)<br \/>\nRita Taborda (Dep. Susana)<br \/>\nAlejandra Toledo (Dep. Libertad)<br \/>\nMilagros Villarruel (Atl. Rafaela)<br \/>\nJesica Zabala (Dep. Libertad).<\/p>\n","protected":false},"excerpt":{"rendered":"<p>Este martes fue presentada, en la reuni\u00f3n del Consejo Directivo liguista, la selecci\u00f3n de la Liga Rafaelina que el pr\u00f3ximo<\/p>\n","protected":false},"author":2,"featured_media":32153,"comment_status":"open","ping_status":"open","sticky":false,"template":"","format":"standard","meta":{"footnotes":""},"categories":[31,24],"tags":[],"class_list":["post-32152","post","type-post","status-publish","format-standard","has-post-thumbnail","hentry","category-futbol-femenino","category-noticias-destacadas"],"cc_featured_image_caption":{"caption_text":"FOTO GENTILEZA LIGA RAFAELINA","source_text":"","source_url":""},"_links":{"self":[{"href":"https:\/\/todoapulmon-rafaela.com\/index.php\/wp-json\/wp\/v2\/posts\/32152"}],"collection":[{"href":"https:\/\/todoapulmon-rafaela.com\/index.php\/wp-json\/wp\/v2\/posts"}],"about":[{"href":"https:\/\/todoapulmon-rafaela.com\/index.php\/wp-json\/wp\/v2\/types\/post"}],"author":[{"embeddable":true,"href":"https:\/\/todoapulmon-rafaela.com\/index.php\/wp-json\/wp\/v2\/users\/2"}],"replies":[{"embeddable":true,"href":"https:\/\/todoapulmon-rafaela.com\/index.php\/wp-json\/wp\/v2\/comments?post=32152"}],"version-history":[{"count":1,"href":"https:\/\/todoapulmon-rafaela.com\/index.php\/wp-json\/wp\/v2\/posts\/32152\/revisions"}],"predecessor-version":[{"id":32154,"href":"https:\/\/todoapulmon-rafaela.com\/index.php\/wp-json\/wp\/v2\/posts\/32152\/revisions\/32154"}],"wp:featuredmedia":[{"embeddable":true,"href":"https:\/\/todoapulmon-rafaela.com\/index.php\/wp-json\/wp\/v2\/media\/32153"}],"wp:attachment":[{"href":"https:\/\/todoapulmon-rafaela.com\/index.php\/wp-json\/wp\/v2\/media?parent=32152"}],"wp:term":[{"taxonomy":"category","embeddable":true,"href":"https:\/\/todoapulmon-rafaela.com\/index.php\/wp-json\/wp\/v2\/categories?post=32152"},{"taxonomy":"post_tag","embeddable":true,"href":"https:\/\/todoapulmon-rafaela.com\/index.php\/wp-json\/wp\/v2\/tags?post=32152"}],"curies":[{"name":"wp","href":"https:\/\/api.w.org\/{rel}","templated":true}]}}