{"id":32148,"date":"2022-06-21T22:27:59","date_gmt":"2022-06-21T22:27:59","guid":{"rendered":"https:\/\/todoapulmon-rafaela.com\/?p=32148"},"modified":"2022-06-21T22:27:59","modified_gmt":"2022-06-21T22:27:59","slug":"las-panteras-inician-la-gira-por-santa-fe","status":"publish","type":"post","link":"https:\/\/todoapulmon-rafaela.com\/index.php\/2022\/06\/21\/las-panteras-inician-la-gira-por-santa-fe\/","title":{"rendered":"Las Panteras inician la gira por Santa Fe"},"content":{"rendered":"<p>El seleccionado argentino femenino de v\u00f3leibol jugar\u00e1 este mi\u00e9rcoles frente a su par de Per\u00fa en el estadio cubierto de Uni\u00f3n de Santa Fe, en el primero de una serie de seis amistosos que realizar\u00e1n en distintas ciudades de Santa Fe, La Plata y la Ciudad Aut\u00f3noma de Buenos Aires.<\/p>\n<p>Las Panteras, dirigidas por Hern\u00e1n Ferraro, recibir\u00e1n este mi\u00e9rcoles a las 21 a Per\u00fa en Uni\u00f3n, con entradas agotadas. DirecTV Sports televisar\u00e1 el encuentro.<\/p>\n<p>El jueves 23, a la misma hora, en Libertad de Sunchales se disputar\u00e1 el segundo test match.<\/p>\n<p>Luego, los equipos ir\u00e1n a Puerto General San Mart\u00edn para jugar dos partidos m\u00e1s, el s\u00e1bado 25 (a las 21) y el domingo 26 (a las 20).<\/p>\n<p>La gira amistosa se trasladar\u00e1 luego a Buenos Aires con una doble fecha en La Plata y CABA, con transmisi\u00f3n de DeporTV, el canal p\u00fablico de deportes.<\/p>\n<p>El primer juego ser\u00e1 en el Polideportivo V\u00edctor Nethol de Gimnasia y Esgrima el martes 28, a las 20.30; mientras que el segundo partido tendr\u00e1 lugar en el estadio H\u00e9ctor Etchart de Ferro el mi\u00e9rcoles 29, en el mismo horario.<\/p>\n<p>Las Panteras, ol\u00edmpicas en Tokio 2020 por segunda vez en su historia, jugar\u00e1n este a\u00f1o su tercer Mundial consecutivo, entre el 23 de septiembre y el 15 de octubre, en Pa\u00edses Bajos y Polonia.<\/p>\n","protected":false},"excerpt":{"rendered":"<p>El seleccionado argentino femenino de v\u00f3leibol jugar\u00e1 este mi\u00e9rcoles frente a su par de Per\u00fa en el estadio cubierto de<\/p>\n","protected":false},"author":2,"featured_media":32149,"comment_status":"open","ping_status":"open","sticky":false,"template":"","format":"standard","meta":{"footnotes":""},"categories":[24,16],"tags":[],"class_list":["post-32148","post","type-post","status-publish","format-standard","has-post-thumbnail","hentry","category-noticias-destacadas","category-voley"],"cc_featured_image_caption":{"caption_text":"FOTO PRENSA FEVA","source_text":"","source_url":""},"_links":{"self":[{"href":"https:\/\/todoapulmon-rafaela.com\/index.php\/wp-json\/wp\/v2\/posts\/32148"}],"collection":[{"href":"https:\/\/todoapulmon-rafaela.com\/index.php\/wp-json\/wp\/v2\/posts"}],"about":[{"href":"https:\/\/todoapulmon-rafaela.com\/index.php\/wp-json\/wp\/v2\/types\/post"}],"author":[{"embeddable":true,"href":"https:\/\/todoapulmon-rafaela.com\/index.php\/wp-json\/wp\/v2\/users\/2"}],"replies":[{"embeddable":true,"href":"https:\/\/todoapulmon-rafaela.com\/index.php\/wp-json\/wp\/v2\/comments?post=32148"}],"version-history":[{"count":2,"href":"https:\/\/todoapulmon-rafaela.com\/index.php\/wp-json\/wp\/v2\/posts\/32148\/revisions"}],"predecessor-version":[{"id":32151,"href":"https:\/\/todoapulmon-rafaela.com\/index.php\/wp-json\/wp\/v2\/posts\/32148\/revisions\/32151"}],"wp:featuredmedia":[{"embeddable":true,"href":"https:\/\/todoapulmon-rafaela.com\/index.php\/wp-json\/wp\/v2\/media\/32149"}],"wp:attachment":[{"href":"https:\/\/todoapulmon-rafaela.com\/index.php\/wp-json\/wp\/v2\/media?parent=32148"}],"wp:term":[{"taxonomy":"category","embeddable":true,"href":"https:\/\/todoapulmon-rafaela.com\/index.php\/wp-json\/wp\/v2\/categories?post=32148"},{"taxonomy":"post_tag","embeddable":true,"href":"https:\/\/todoapulmon-rafaela.com\/index.php\/wp-json\/wp\/v2\/tags?post=32148"}],"curies":[{"name":"wp","href":"https:\/\/api.w.org\/{rel}","templated":true}]}}