{"id":31994,"date":"2022-06-14T17:12:18","date_gmt":"2022-06-14T17:12:18","guid":{"rendered":"https:\/\/todoapulmon-rafaela.com\/?p=31994"},"modified":"2022-06-14T17:12:18","modified_gmt":"2022-06-14T17:12:18","slug":"se-enviara-a-la-provincia-el-proyecto-para-construir-la-pista-de-atletismo","status":"publish","type":"post","link":"https:\/\/todoapulmon-rafaela.com\/index.php\/2022\/06\/14\/se-enviara-a-la-provincia-el-proyecto-para-construir-la-pista-de-atletismo\/","title":{"rendered":"Se enviar\u00e1 a la provincia el proyecto para construir la pista de atletismo"},"content":{"rendered":"<p>El jueves en la sesi\u00f3n del Concejo Municipal tendr\u00e1 tratamiento la nota sobre el proyecto de la pista sint\u00e9tica de atletismo para nuestra ciudad, impulsado por el concejal oficialista Juan Senn, pero que ha tenido un\u00e1nime aceptaci\u00f3n de los dem\u00e1s bloques. Recordemos que uno de los concejales es Ceferino Mondino (Juntos por el Cambio), padre y entrenador de Tom\u00e1s Mondino, una de las grandes realidades de esta disciplina y del deporte rafaelino que, como sus colegas de actividad, necesita de la misma para entrenar.<\/p>\n<p>El proyecto solicita al Gobierno Provincial que proceda a la construcci\u00f3n en nuestra ciudad, en espacio f\u00edsico a definir, de una Pista de Atletismo de alto rendimiento deportivo.<br \/>\nAdem\u00e1s, se pide la edificaci\u00f3n de las instalaciones para el funcionamiento de un gimnasio, un laboratorio de investigaci\u00f3n, iluminaci\u00f3n, un \u00e1rea de an\u00e1lisis deportivo y un centro m\u00e9dico biomec\u00e1nico. Estas obras anexas son tambi\u00e9n muy importantes para darle un cierto impuso como principio de Centro de Entrenamiento Deportivo.<\/p>\n<p>En la fundamentaci\u00f3n, su impulsor sostuvo que \u201cm\u00e1s que un proyecto de nuestro bloque es un proyecto de la ciudad y no solo para beneficio del deporte rafaelino sino tambi\u00e9n para su desarrollo regional\u201d.<\/p>\n<p>De acuerdo a los \u00faltimos sondeos, estar\u00eda siendo m\u00e1s factible su emplazamiento en el sector donde se encuentra la UNRaf.<\/p>\n","protected":false},"excerpt":{"rendered":"<p>El jueves en la sesi\u00f3n del Concejo Municipal tendr\u00e1 tratamiento la nota sobre el proyecto de la pista sint\u00e9tica de<\/p>\n","protected":false},"author":2,"featured_media":32004,"comment_status":"open","ping_status":"open","sticky":false,"template":"","format":"standard","meta":{"footnotes":""},"categories":[7,24],"tags":[],"class_list":["post-31994","post","type-post","status-publish","format-standard","has-post-thumbnail","hentry","category-atletismo","category-noticias-destacadas"],"cc_featured_image_caption":{"caption_text":"Imagen ilustrativa","source_text":"","source_url":""},"_links":{"self":[{"href":"https:\/\/todoapulmon-rafaela.com\/index.php\/wp-json\/wp\/v2\/posts\/31994"}],"collection":[{"href":"https:\/\/todoapulmon-rafaela.com\/index.php\/wp-json\/wp\/v2\/posts"}],"about":[{"href":"https:\/\/todoapulmon-rafaela.com\/index.php\/wp-json\/wp\/v2\/types\/post"}],"author":[{"embeddable":true,"href":"https:\/\/todoapulmon-rafaela.com\/index.php\/wp-json\/wp\/v2\/users\/2"}],"replies":[{"embeddable":true,"href":"https:\/\/todoapulmon-rafaela.com\/index.php\/wp-json\/wp\/v2\/comments?post=31994"}],"version-history":[{"count":2,"href":"https:\/\/todoapulmon-rafaela.com\/index.php\/wp-json\/wp\/v2\/posts\/31994\/revisions"}],"predecessor-version":[{"id":32005,"href":"https:\/\/todoapulmon-rafaela.com\/index.php\/wp-json\/wp\/v2\/posts\/31994\/revisions\/32005"}],"wp:featuredmedia":[{"embeddable":true,"href":"https:\/\/todoapulmon-rafaela.com\/index.php\/wp-json\/wp\/v2\/media\/32004"}],"wp:attachment":[{"href":"https:\/\/todoapulmon-rafaela.com\/index.php\/wp-json\/wp\/v2\/media?parent=31994"}],"wp:term":[{"taxonomy":"category","embeddable":true,"href":"https:\/\/todoapulmon-rafaela.com\/index.php\/wp-json\/wp\/v2\/categories?post=31994"},{"taxonomy":"post_tag","embeddable":true,"href":"https:\/\/todoapulmon-rafaela.com\/index.php\/wp-json\/wp\/v2\/tags?post=31994"}],"curies":[{"name":"wp","href":"https:\/\/api.w.org\/{rel}","templated":true}]}}