{"id":31852,"date":"2022-06-08T23:19:36","date_gmt":"2022-06-08T23:19:36","guid":{"rendered":"https:\/\/todoapulmon-rafaela.com\/?p=31852"},"modified":"2022-06-08T23:26:11","modified_gmt":"2022-06-08T23:26:11","slug":"lorenzo-colidio-otro-rafaelino-a-la-gira-de-los-pumitas","status":"publish","type":"post","link":"https:\/\/todoapulmon-rafaela.com\/index.php\/2022\/06\/08\/lorenzo-colidio-otro-rafaelino-a-la-gira-de-los-pumitas\/","title":{"rendered":"Lorenzo Colidio, otro rafaelino a la gira de Los Pumitas"},"content":{"rendered":"<p>En la tarde de este mi\u00e9rcoles la Uni\u00f3n Argentina de Rugby dio a conocer oficialmente el plantel de Los Pumitas que realizar\u00e1 la gira por Ocean\u00eda en los primeros d\u00edas de julio.<\/p>\n<div>A la anunciada convocatoria de Pedro Rubiolo, cabe mencionar tambi\u00e9n la de Lorenzo Colidio. El forward rafaelino, recordemos que se form\u00f3 a CRAR y luego pas\u00f3 a Duendes de Rosario, para disputar hasta hace unas semanas su primer torneo profesional en la Superliga Americana con Olimpia Lions de Paraguay.<\/div>\n<div><em>\u00abEste no es primer paso para el Mundial 2023; me parece que esos pasos para estar en el Mundial, los chicos los dan todos los d\u00edas en sus clubes, en los Centros de Rugby o en las Academias. La construcci\u00f3n y el desarrollo de los jugadores es continua; en la UAR nunca se detuvo ese proceso m\u00e1s all\u00e1 de las circunstancias de la pandemia y la cancelaci\u00f3n de torneos. Esta gira por Ocean\u00eda es una muy buena experiencia para todos, pero hay que seguir trabajando\u201d<\/em>, expres\u00f3 el Head Coach Jos\u00e9 Pellicena.<\/div>\n<div>\u00a0Agreg\u00f3:\u00a0\u00abHay que remarcar que para varios chicos es una primera experiencia en el seleccionado nacional, y ojal\u00e1 que los que est\u00e1n ahora puedan repetir en el futuro nuevas convocatorias. Pero tambi\u00e9n hay que especificar que los que no est\u00e1n en esta oportunidad, pueden ser llamados en cualquier momento; entonces, por eso, les pedimos que no dejen de trabajar, de entrenarse porque es probable que tenga alguna oportunidad en otro momento\u00bb.<\/div>\n<div>\n<p>El plantel de Los Pumitas estar\u00e1 conformado por los siguientes 30 jugadores:<\/p>\n<table class=\"munged\">\n<tbody>\n<tr>\n<td><strong>APELLIDO y NOMBRE<\/strong><\/td>\n<td><strong>CLUB<\/strong><\/td>\n<\/tr>\n<tr>\n<td>MEDRANO, Mat\u00edas<\/td>\n<td>Regatas Bella Vista<\/td>\n<\/tr>\n<tr>\n<td>PALAZZI, Francisco<\/td>\n<td>Old Lions<\/td>\n<\/tr>\n<tr>\n<td>BARTOLINI, Tom\u00e1s<\/td>\n<td>Marista RC<\/td>\n<\/tr>\n<tr>\n<td>ARROYO, Manuel<\/td>\n<td>Los Tordos<\/td>\n<\/tr>\n<tr>\n<td>WEGNER, Boris<\/td>\n<td>Jockey de Villa Mar\u00eda<\/td>\n<\/tr>\n<tr>\n<td>BARBATTI, Octavio<\/td>\n<td>Jockey de C\u00f3rdoba<\/td>\n<\/tr>\n<tr>\n<td>ZANELLA, Renzo<\/td>\n<td>Comercial<\/td>\n<\/tr>\n<tr>\n<td>VILLAR, Mart\u00edn<\/td>\n<td>Lomas Athletic<\/td>\n<\/tr>\n<tr>\n<td>ALBRISI, Federico<\/td>\n<td>Tala RC<\/td>\n<\/tr>\n<tr>\n<td>COLIDIO, Lorenzo<\/td>\n<td>Duendes RC<\/td>\n<\/tr>\n<tr>\n<td>ELIAS, Efrain<\/td>\n<td>Jockey de C\u00f3rdoba<\/td>\n<\/tr>\n<tr>\n<td>RUBIOLO, Pedro<\/td>\n<td>CRAR<\/td>\n<\/tr>\n<tr>\n<td>CHIAVASSA, Eliseo<\/td>\n<td>Los Tilos<\/td>\n<\/tr>\n<tr>\n<td>CABRAL, Valentin<\/td>\n<td>C\u00f3rdoba Athletic<\/td>\n<\/tr>\n<tr>\n<td>BILDOSOLA, Aitor<\/td>\n<td>Los Tordos<\/td>\n<\/tr>\n<tr>\n<td>LORENZO, Mateo<\/td>\n<td>La Plata RC<\/td>\n<\/tr>\n<tr>\n<td>GARC\u00cdA HAMILTON, Facundo<\/td>\n<td>Tucum\u00e1n RC<\/td>\n<\/tr>\n<tr>\n<td>STRADA, Juan Cruz<\/td>\n<td>Santa Fe Rugby<\/td>\n<\/tr>\n<tr>\n<td>ALBANESE, Mateo<\/td>\n<td>SIC<\/td>\n<\/tr>\n<tr>\n<td>SASCARO, Agust\u00edn<\/td>\n<td>SIC<\/td>\n<\/tr>\n<\/tbody>\n<\/table>\n<table class=\"munged\">\n<tbody>\n<tr>\n<td>SUAREZ FOLCH, Tom\u00e1s<\/td>\n<td>La Plata RC<\/td>\n<\/tr>\n<tr>\n<td>SOLER FILLOY, Valent\u00edn<\/td>\n<td>Tala RC<\/td>\n<\/tr>\n<tr>\n<td>PICCARDO, Justo<\/td>\n<td>SIC<\/td>\n<\/tr>\n<tr>\n<td>GARC\u00cdA ASCARATE, Mariano<\/td>\n<td>Universitario de Salta<\/td>\n<\/tr>\n<tr>\n<td>ELIZALDE, Tom\u00e1s<\/td>\n<td>Tigres RC<\/td>\n<\/tr>\n<tr>\n<td>CASTRO, Santiago<\/td>\n<td>San Mart\u00edn<\/td>\n<\/tr>\n<tr>\n<td>FRAGA, Agust\u00edn<\/td>\n<td>CUBA<\/td>\n<\/tr>\n<tr>\n<td>SOLER, Mateo<\/td>\n<td>Tala RC<\/td>\n<\/tr>\n<tr>\n<td>SANCHEZ VALAROLO, Faustino<\/td>\n<td>Palermo Bajo<\/td>\n<\/tr>\n<tr>\n<td>ELIZALDE, Benjam\u00edn<\/td>\n<td>Tigres RC<\/td>\n<\/tr>\n<\/tbody>\n<\/table>\n<\/div>\n","protected":false},"excerpt":{"rendered":"<p>En la tarde de este mi\u00e9rcoles la Uni\u00f3n Argentina de Rugby dio a conocer oficialmente el plantel de Los Pumitas<\/p>\n","protected":false},"author":2,"featured_media":29359,"comment_status":"open","ping_status":"open","sticky":false,"template":"","format":"standard","meta":{"footnotes":""},"categories":[24,2],"tags":[],"class_list":["post-31852","post","type-post","status-publish","format-standard","has-post-thumbnail","hentry","category-noticias-destacadas","category-rugby"],"cc_featured_image_caption":{"caption_text":"","source_text":"","source_url":""},"_links":{"self":[{"href":"https:\/\/todoapulmon-rafaela.com\/index.php\/wp-json\/wp\/v2\/posts\/31852"}],"collection":[{"href":"https:\/\/todoapulmon-rafaela.com\/index.php\/wp-json\/wp\/v2\/posts"}],"about":[{"href":"https:\/\/todoapulmon-rafaela.com\/index.php\/wp-json\/wp\/v2\/types\/post"}],"author":[{"embeddable":true,"href":"https:\/\/todoapulmon-rafaela.com\/index.php\/wp-json\/wp\/v2\/users\/2"}],"replies":[{"embeddable":true,"href":"https:\/\/todoapulmon-rafaela.com\/index.php\/wp-json\/wp\/v2\/comments?post=31852"}],"version-history":[{"count":2,"href":"https:\/\/todoapulmon-rafaela.com\/index.php\/wp-json\/wp\/v2\/posts\/31852\/revisions"}],"predecessor-version":[{"id":31854,"href":"https:\/\/todoapulmon-rafaela.com\/index.php\/wp-json\/wp\/v2\/posts\/31852\/revisions\/31854"}],"wp:featuredmedia":[{"embeddable":true,"href":"https:\/\/todoapulmon-rafaela.com\/index.php\/wp-json\/wp\/v2\/media\/29359"}],"wp:attachment":[{"href":"https:\/\/todoapulmon-rafaela.com\/index.php\/wp-json\/wp\/v2\/media?parent=31852"}],"wp:term":[{"taxonomy":"category","embeddable":true,"href":"https:\/\/todoapulmon-rafaela.com\/index.php\/wp-json\/wp\/v2\/categories?post=31852"},{"taxonomy":"post_tag","embeddable":true,"href":"https:\/\/todoapulmon-rafaela.com\/index.php\/wp-json\/wp\/v2\/tags?post=31852"}],"curies":[{"name":"wp","href":"https:\/\/api.w.org\/{rel}","templated":true}]}}