{"id":31848,"date":"2022-06-08T21:09:24","date_gmt":"2022-06-08T21:09:24","guid":{"rendered":"https:\/\/todoapulmon-rafaela.com\/?p=31848"},"modified":"2022-06-08T21:09:24","modified_gmt":"2022-06-08T21:09:24","slug":"las-convocadas-para-iniciar-los-entrenamientos-del-seleccionado-liguista","status":"publish","type":"post","link":"https:\/\/todoapulmon-rafaela.com\/index.php\/2022\/06\/08\/las-convocadas-para-iniciar-los-entrenamientos-del-seleccionado-liguista\/","title":{"rendered":"Las convocadas para iniciar los entrenamientos del seleccionado liguista"},"content":{"rendered":"<div class=\"mail-message-content collapsible zoom-normal mail-show-images msg-3836321762265026133\">\n<div class=\"clear\">\n<div dir=\"ltr\">\n<div>\n<p>El pr\u00f3ximo viernes 10 de junio a las 19.30, en el Club 9 de Julio (Ayacucho entrada principal), comenzar\u00e1n a practicar las chicas preseleccionadas para la Selecci\u00f3n de LRF de F\u00fatbol Femenino. Despu\u00e9s de las pr\u00e1cticas que el cuerpo t\u00e9cnico disponga, quedar\u00e1n definidas las 18 jugadoras que ser\u00e1n parte de la Selecci\u00f3n que competir\u00e1 en la Copa Santa Fe, a disputarse en el mes de junio.<\/p>\n<p><strong>A continuaci\u00f3n detallamos la lista de convocadas:\u00a0<\/strong><\/p>\n<p><strong>Argentino de Humberto<\/strong><\/p>\n<ul>\n<li>Colombo, Juliana<\/li>\n<li>Molina, Araceli<\/li>\n<\/ul>\n<p><strong>Atl\u00e9tico de Rafaela<\/strong><\/p>\n<ul>\n<li>Ch\u00e1vez, Oriana<\/li>\n<li>Cravero, Damaris<\/li>\n<li>Aquino, M\u00eda<\/li>\n<li>D\u00edaz, Micaela<\/li>\n<li>Vera, Maia<\/li>\n<li>Aguilar, Lorena<\/li>\n<li>Villarruel Milagros<\/li>\n<li>Rodr\u00edguez Julieta<\/li>\n<\/ul>\n<p><strong>9 de Julio<\/strong><\/p>\n<ul>\n<li>G\u00f3mez, Florencia<\/li>\n<li>C\u00f3rdoba, Erica<\/li>\n<li>Panelli, Gabriela<\/li>\n<li>Fenoglio, Fernanda<\/li>\n<li>Ledesma, Tatiana<\/li>\n<li>R\u00edos, Roc\u00edo<\/li>\n<li>De La Cruz, Evangelina<\/li>\n<li>Cejas, Lionela<\/li>\n<li>Gilabert, Carina<\/li>\n<li>Vel\u00e1squez, Erica<\/li>\n<\/ul>\n<p><strong>Libertad de Sunchales<\/strong><\/p>\n<ul>\n<li>Zabala, J\u00e9sica<\/li>\n<li>Galoto, Tamara<\/li>\n<li>Claret, Yamile<\/li>\n<li>Toledo, Alejandra<\/li>\n<li>Schmidt, Yanina<\/li>\n<\/ul>\n<p><strong>Deportivo Susana<\/strong><\/p>\n<ul>\n<li>Luque, Celena<\/li>\n<li>Taborda, Rita<\/li>\n<\/ul>\n<p><strong>Argentino de Vila<\/strong><\/p>\n<ul>\n<li>Theiler, Micaela<\/li>\n<\/ul>\n<p>Fuente: Liga Rafaelina.<\/p><\/div>\n<\/div>\n<\/div>\n<\/div>\n","protected":false},"excerpt":{"rendered":"<p>El pr\u00f3ximo viernes 10 de junio a las 19.30, en el Club 9 de Julio (Ayacucho entrada principal), comenzar\u00e1n a<\/p>\n","protected":false},"author":2,"featured_media":31849,"comment_status":"open","ping_status":"open","sticky":false,"template":"","format":"standard","meta":{"footnotes":""},"categories":[31],"tags":[],"class_list":["post-31848","post","type-post","status-publish","format-standard","has-post-thumbnail","hentry","category-futbol-femenino"],"cc_featured_image_caption":{"caption_text":"El seleccionado 2021 cuando fue presentado antes del Provincial.","source_text":"","source_url":""},"_links":{"self":[{"href":"https:\/\/todoapulmon-rafaela.com\/index.php\/wp-json\/wp\/v2\/posts\/31848"}],"collection":[{"href":"https:\/\/todoapulmon-rafaela.com\/index.php\/wp-json\/wp\/v2\/posts"}],"about":[{"href":"https:\/\/todoapulmon-rafaela.com\/index.php\/wp-json\/wp\/v2\/types\/post"}],"author":[{"embeddable":true,"href":"https:\/\/todoapulmon-rafaela.com\/index.php\/wp-json\/wp\/v2\/users\/2"}],"replies":[{"embeddable":true,"href":"https:\/\/todoapulmon-rafaela.com\/index.php\/wp-json\/wp\/v2\/comments?post=31848"}],"version-history":[{"count":1,"href":"https:\/\/todoapulmon-rafaela.com\/index.php\/wp-json\/wp\/v2\/posts\/31848\/revisions"}],"predecessor-version":[{"id":31850,"href":"https:\/\/todoapulmon-rafaela.com\/index.php\/wp-json\/wp\/v2\/posts\/31848\/revisions\/31850"}],"wp:featuredmedia":[{"embeddable":true,"href":"https:\/\/todoapulmon-rafaela.com\/index.php\/wp-json\/wp\/v2\/media\/31849"}],"wp:attachment":[{"href":"https:\/\/todoapulmon-rafaela.com\/index.php\/wp-json\/wp\/v2\/media?parent=31848"}],"wp:term":[{"taxonomy":"category","embeddable":true,"href":"https:\/\/todoapulmon-rafaela.com\/index.php\/wp-json\/wp\/v2\/categories?post=31848"},{"taxonomy":"post_tag","embeddable":true,"href":"https:\/\/todoapulmon-rafaela.com\/index.php\/wp-json\/wp\/v2\/tags?post=31848"}],"curies":[{"name":"wp","href":"https:\/\/api.w.org\/{rel}","templated":true}]}}